{"id":11657,"date":"2018-04-19T10:47:59","date_gmt":"2018-04-19T08:47:59","guid":{"rendered":"https:\/\/www.zhermack.com\/?p=11657"},"modified":"2018-12-10T10:22:35","modified_gmt":"2018-12-10T09:22:35","slug":"przyszli-dentysci-cala-naprzod","status":"publish","type":"post","link":"https:\/\/www.zhermack.com\/pl\/wiadomosci-o-wydarzeniach\/przyszli-dentysci-cala-naprzod\/","title":{"rendered":"Przyszli denty\u015bci, ca\u0142a naprz\u00f3d!"},"content":{"rendered":"<p>18 i 19 maja firma Zhermack otworzy\u0142a drzwi swojej siedziby dla Mi\u0119dzynarodowego Stowarzyszenia Student\u00f3w Stomatologii (ang. International Association of Dental Students \u2013 IADS).<\/p>\n<p>Podczas zorganizowanego szkolenia grupa przysz\u0142ych dentyst\u00f3w, pochodz\u0105cych z r\u00f3\u017cnych cz\u0119\u015bci \u015bwiata, mog\u0142a pozna\u0107 nasze produkty. O przebiegu spotkania opowiedzia\u0142 nam Nicholas\u00a0<strong>D. Charles,<\/strong>\u00a0Professional Service Manager, zajmuj\u0105cy si\u0119 w firmie Zhermack stosunkami instytucjonalnymi ze stowarzyszeniami naukowymi, uczelniami i kluczowymi podmiotami opiniotw\u00f3rczymi.<\/p>\n<ol>\n<li><strong>Nicholas, mo\u017cesz nam powiedzie\u0107, jak si\u0119 to wszystko zacz\u0119\u0142o?\u00a0<\/strong>Podczas ostatnich targ\u00f3w FDI w Poznaniu (nota redakcyjna: wrzesie\u0144 2016 &#8211; v Z.Life nr_0) mia\u0142em mo\u017cliwo\u015b\u0107 spotkania si\u0119 z Prezydentem IADS, dr Sin\u0105 Saygili.\u00a0Podczas tego spotkania pojawi\u0142a si\u0119 mo\u017cliwo\u015b\u0107 wsp\u00f3\u0142pracy mi\u0119dzy firm\u0105 Zhermack i Stowarzyszeniem, nie na zasadzie klasycznej wsp\u00f3\u0142pracy sponsorskiej typu ekonomicznego, ale organizuj\u0105c prawdziwe spotkania po\u015bwi\u0119cone studentom.\u00a0Postanowili\u015bmy zaprosi\u0107 ich do naszej firmy, organizuj\u0105c wydarzenie, kt\u00f3re mia\u0142o na d\u0142ugo pozosta\u0107 w ich pami\u0119ci i zyska\u0107 ich sympati\u0119.\u00a0W ten spos\u00f3b uda\u0142o nam si\u0119 zaanga\u017cowa\u0107 r\u00f3wnocze\u015bnie wi\u0119cej kraj\u00f3w i w spos\u00f3b po\u015bredni \u201ezago\u015bci\u0107\u201d na r\u00f3\u017cnych uniwersytetach.\u00a0Zhermack jest pierwsz\u0105 firm\u0105 z sektora dentystycznego, kt\u00f3ra zaproponowa\u0142a Stowarzyszeniu tak\u0105 form\u0119 wsp\u00f3\u0142pracy.<\/li>\n<li><strong>Mo\u017cna wi\u0119c powiedzie\u0107, \u017ce jeste\u015bmy pionierami.\u00a0Kto si\u0119 przy\u0142\u0105czy\u0142 do tej inicjatywy?\u00a0<\/strong>W inicjatywie uczestniczy\u0142o dziewi\u0119tnastu student\u00f3w (zg\u0142oszono osiemdziesi\u0119ciu pi\u0119ciu uczestnik\u00f3w), wszyscy z 3. i 5. roku Stomatologii, z dziewi\u0119ciu r\u00f3\u017cnych<br \/>\nkraj\u00f3w na trzech kontynentach.\u00a0Dla wielu z nich by\u0142a to r\u00f3wnie\u017c pierwsza podr\u00f3\u017c do W\u0142och.<\/li>\n<li><strong>W jaki spos\u00f3b przebieg\u0142o to wydarzenie?\u00a0<\/strong>Miejscem spotkania by\u0142a Wenecja, gdzie, w sali konferencyjnej, przeprowadzono szkolenie teoretyczne zako\u0144czone cz\u0119\u015bci\u0105 praktyczn\u0105 na temat naszych materia\u0142\u00f3w wyciskowych i produkt\u00f3w do dezynfekcji.<br \/>\nPrzed zako\u0144czeniem szkolenia zorganizowano zwiedzanie zak\u0142adu produkcyjnego, co z pewno\u015bci\u0105 pozosta\u0142o w pami\u0119ci wielu uczestnik\u00f3w: powiedzieli mi, \u017ce mieli wra\u017cenie, jakby znale\u017ali si\u0119 w s\u0142ynnym programie telewizyjnym, w kt\u00f3rym mo\u017cna dowiedzie\u0107 si\u0119, w jaki spos\u00f3b wykonuje si\u0119 r\u00f3\u017cne materia\u0142y!<br \/>\nZadbali\u015bmy r\u00f3wnie\u017c o organizacj\u0119 czasu wolnego i kolacji, w Badii, Ferrarze i Wenecji, aby uczestnicy mogli pozna\u0107 nieco okolic\u0119.<\/li>\n<li><strong>Studenci byli pe\u0142ni entuzjazmu i bardzo zadowoleni. Jakie s\u0105 twoje wra\u017cenia na ten temat?<\/strong>\u00a0Wszyscy s\u0105 bardzo szcz\u0119\u015bliwi i \u201epod wra\u017ceniem\u201d. Kilku uczestnik\u00f3w zapyta\u0142o mnie, czy mo\u017cliwa jest organizacja podobnych imprez w ich kraju, dla innych koleg\u00f3w. Je\u015bli w przysz\u0142o\u015bci b\u0119d\u0105 dost\u0119pne jeszcze \u015brodki finansowe i mo\u017cliwo\u015bci organizacyjne, dobrze by\u0142oby powt\u00f3rzy\u0107 podobn\u0105 inicjatyw\u0119, anga\u017cuj\u0105c wi\u0119ksz\u0105 liczb\u0119 kraj\u00f3w.<\/li>\n<li><strong>Co wed\u0142ug Ciebie wywo\u0142a\u0142o najwi\u0119ksze wra\u017cenie?\u00a0<\/strong>Przede wszystkim to, \u017ce uczestnicy mogli zobaczy\u0107 pewien aspekt stomatologii, z kt\u00f3rym sami nie maj\u0105 przecie\u017c do czynienia na co dzie\u0144: mam na my\u015bli \u201e\u017cycie\u201d producenta materia\u0142\u00f3w dentystycznych.<br \/>\nPonadto by\u0142o to dla nich ma\u0142e, ale intensywne do\u015bwiadczenie \u017cyciowe. Jest to m\u0142odzie\u017c o r\u00f3\u017cnych przyzwyczajeniach, j\u0119zykach i religiach, kt\u00f3ra zebra\u0142a si\u0119 tutaj w jednym celu, tak cz\u0119sto budz\u0105cym obawy dentyst\u00f3w: nauczy\u0107 si\u0119 wykonania dobrego wycisku!<\/li>\n<li><strong>Dzi\u0119kuj\u0119 Nicholas. Mog\u0119 ci\u0119 prosi\u0107 o komentarz ko\u0144cowy?<\/strong>\u00a0Trzeba przyzna\u0107, \u017ce organizacja tego wydarzenia nie by\u0142a \u0142atwa, ale my\u015bl\u0119, \u017ce r\u00f3wnie\u017c dla firmy Zhermack by\u0142o to niezwykle pozytywne do\u015bwiadczenie, poniewa\u017c dali\u015bmy studentom to, czego naprawd\u0119 potrzebuj\u0105; \u015bwiadczy o tym ciep\u0142o, entuzjazm i wdzi\u0119czno\u015b\u0107, jak\u0105 nam okazali.<\/li>\n<\/ol>\n","protected":false},"excerpt":{"rendered":"<p>18 i 19 maja firma Zhermack otworzy\u0142a drzwi swojej siedziby dla Mi\u0119dzynarodowego Stowarzyszenia Student\u00f3w Stomatologii (ang. International Association of Dental Students \u2013 IADS). Podczas zorganizowanego szkolenia grupa przysz\u0142ych dentyst\u00f3w, pochodz\u0105cych z r\u00f3\u017cnych cz\u0119\u015bci \u015bwiata, mog\u0142a pozna\u0107 nasze produkty. O przebiegu spotkania opowiedzia\u0142 nam Nicholas\u00a0D. Charles,\u00a0Professional Service Manager, zajmuj\u0105cy si\u0119 w firmie Zhermack stosunkami instytucjonalnymi ze [&hellip;]<\/p>\n","protected":false},"author":1,"featured_media":11660,"comment_status":"open","ping_status":"open","sticky":false,"template":"","format":"standard","meta":{"_acf_changed":false,"rs_blank_template":"","rs_page_bg_color":"","slide_template_v7":"","footnotes":""},"categories":[531,550],"tags":[],"class_list":["post-11657","post","type-post","status-publish","format-standard","has-post-thumbnail","hentry","category-wiadomosci-firmowe","category-wiadomosci-o-wydarzeniach"],"acf":[],"yoast_head":"<!-- This site is optimized with the Yoast SEO plugin v27.3 - https:\/\/yoast.com\/product\/yoast-seo-wordpress\/ -->\n<title>Przyszli denty\u015bci, ca\u0142a naprz\u00f3d! - Zhermack<\/title>\n<meta name=\"robots\" content=\"index, follow, max-snippet:-1, max-image-preview:large, max-video-preview:-1\" \/>\n<link rel=\"canonical\" href=\"https:\/\/www.zhermack.com\/pl\/wiadomosci-o-wydarzeniach\/przyszli-dentysci-cala-naprzod\/\" \/>\n<meta property=\"og:locale\" content=\"pl_PL\" \/>\n<meta property=\"og:type\" content=\"article\" \/>\n<meta property=\"og:title\" content=\"Przyszli denty\u015bci, ca\u0142a naprz\u00f3d! - Zhermack\" \/>\n<meta property=\"og:description\" content=\"18 i 19 maja firma Zhermack otworzy\u0142a drzwi swojej siedziby dla Mi\u0119dzynarodowego Stowarzyszenia Student\u00f3w Stomatologii (ang. International Association of Dental Students \u2013 IADS). Podczas zorganizowanego szkolenia grupa przysz\u0142ych dentyst\u00f3w, pochodz\u0105cych z r\u00f3\u017cnych cz\u0119\u015bci \u015bwiata, mog\u0142a pozna\u0107 nasze produkty. O przebiegu spotkania opowiedzia\u0142 nam Nicholas\u00a0D. Charles,\u00a0Professional Service Manager, zajmuj\u0105cy si\u0119 w firmie Zhermack stosunkami instytucjonalnymi ze [&hellip;]\" \/>\n<meta property=\"og:url\" content=\"https:\/\/www.zhermack.com\/pl\/wiadomosci-o-wydarzeniach\/przyszli-dentysci-cala-naprzod\/\" \/>\n<meta property=\"og:site_name\" content=\"Zhermack\" \/>\n<meta property=\"article:published_time\" content=\"2018-04-19T08:47:59+00:00\" \/>\n<meta property=\"article:modified_time\" content=\"2018-12-10T09:22:35+00:00\" \/>\n<meta property=\"og:image\" content=\"https:\/\/www.zhermack.com\/public\/uploads\/Company_News_eventi_Iads.jpg\" \/>\n\t<meta property=\"og:image:width\" content=\"850\" \/>\n\t<meta property=\"og:image:height\" content=\"400\" \/>\n\t<meta property=\"og:image:type\" content=\"image\/jpeg\" \/>\n<meta name=\"author\" content=\"zhermack\" \/>\n<meta name=\"twitter:card\" content=\"summary_large_image\" \/>\n<meta name=\"twitter:label1\" content=\"Napisane przez\" \/>\n\t<meta name=\"twitter:data1\" content=\"zhermack\" \/>\n\t<meta name=\"twitter:label2\" content=\"Szacowany czas czytania\" \/>\n\t<meta name=\"twitter:data2\" content=\"3 minuty\" \/>\n<script type=\"application\/ld+json\" class=\"yoast-schema-graph\">{\"@context\":\"https:\\\/\\\/schema.org\",\"@graph\":[{\"@type\":\"Article\",\"@id\":\"https:\\\/\\\/www.zhermack.com\\\/pl\\\/wiadomosci-o-wydarzeniach\\\/przyszli-dentysci-cala-naprzod\\\/#article\",\"isPartOf\":{\"@id\":\"https:\\\/\\\/www.zhermack.com\\\/pl\\\/wiadomosci-o-wydarzeniach\\\/przyszli-dentysci-cala-naprzod\\\/\"},\"author\":{\"name\":\"zhermack\",\"@id\":\"https:\\\/\\\/www.zhermack.com\\\/pl\\\/#\\\/schema\\\/person\\\/01c0b68986ce51933869b5888e446909\"},\"headline\":\"Przyszli denty\u015bci, ca\u0142a naprz\u00f3d!\",\"datePublished\":\"2018-04-19T08:47:59+00:00\",\"dateModified\":\"2018-12-10T09:22:35+00:00\",\"mainEntityOfPage\":{\"@id\":\"https:\\\/\\\/www.zhermack.com\\\/pl\\\/wiadomosci-o-wydarzeniach\\\/przyszli-dentysci-cala-naprzod\\\/\"},\"wordCount\":616,\"commentCount\":0,\"publisher\":{\"@id\":\"https:\\\/\\\/www.zhermack.com\\\/pl\\\/#organization\"},\"image\":{\"@id\":\"https:\\\/\\\/www.zhermack.com\\\/pl\\\/wiadomosci-o-wydarzeniach\\\/przyszli-dentysci-cala-naprzod\\\/#primaryimage\"},\"thumbnailUrl\":\"\\\/public\\\/uploads\\\/Company_News_eventi_Iads.jpg\",\"articleSection\":[\"Wiadomo\u015bci firmowe\",\"Wiadomo\u015bci o wydarzeniach\"],\"inLanguage\":\"pl-PL\",\"potentialAction\":[{\"@type\":\"CommentAction\",\"name\":\"Comment\",\"target\":[\"https:\\\/\\\/www.zhermack.com\\\/pl\\\/wiadomosci-o-wydarzeniach\\\/przyszli-dentysci-cala-naprzod\\\/#respond\"]}]},{\"@type\":\"WebPage\",\"@id\":\"https:\\\/\\\/www.zhermack.com\\\/pl\\\/wiadomosci-o-wydarzeniach\\\/przyszli-dentysci-cala-naprzod\\\/\",\"url\":\"https:\\\/\\\/www.zhermack.com\\\/pl\\\/wiadomosci-o-wydarzeniach\\\/przyszli-dentysci-cala-naprzod\\\/\",\"name\":\"Przyszli denty\u015bci, ca\u0142a naprz\u00f3d! - Zhermack\",\"isPartOf\":{\"@id\":\"https:\\\/\\\/www.zhermack.com\\\/pl\\\/#website\"},\"primaryImageOfPage\":{\"@id\":\"https:\\\/\\\/www.zhermack.com\\\/pl\\\/wiadomosci-o-wydarzeniach\\\/przyszli-dentysci-cala-naprzod\\\/#primaryimage\"},\"image\":{\"@id\":\"https:\\\/\\\/www.zhermack.com\\\/pl\\\/wiadomosci-o-wydarzeniach\\\/przyszli-dentysci-cala-naprzod\\\/#primaryimage\"},\"thumbnailUrl\":\"\\\/public\\\/uploads\\\/Company_News_eventi_Iads.jpg\",\"datePublished\":\"2018-04-19T08:47:59+00:00\",\"dateModified\":\"2018-12-10T09:22:35+00:00\",\"breadcrumb\":{\"@id\":\"https:\\\/\\\/www.zhermack.com\\\/pl\\\/wiadomosci-o-wydarzeniach\\\/przyszli-dentysci-cala-naprzod\\\/#breadcrumb\"},\"inLanguage\":\"pl-PL\",\"potentialAction\":[{\"@type\":\"ReadAction\",\"target\":[\"https:\\\/\\\/www.zhermack.com\\\/pl\\\/wiadomosci-o-wydarzeniach\\\/przyszli-dentysci-cala-naprzod\\\/\"]}]},{\"@type\":\"ImageObject\",\"inLanguage\":\"pl-PL\",\"@id\":\"https:\\\/\\\/www.zhermack.com\\\/pl\\\/wiadomosci-o-wydarzeniach\\\/przyszli-dentysci-cala-naprzod\\\/#primaryimage\",\"url\":\"\\\/public\\\/uploads\\\/Company_News_eventi_Iads.jpg\",\"contentUrl\":\"\\\/public\\\/uploads\\\/Company_News_eventi_Iads.jpg\",\"width\":850,\"height\":400},{\"@type\":\"BreadcrumbList\",\"@id\":\"https:\\\/\\\/www.zhermack.com\\\/pl\\\/wiadomosci-o-wydarzeniach\\\/przyszli-dentysci-cala-naprzod\\\/#breadcrumb\",\"itemListElement\":[{\"@type\":\"ListItem\",\"position\":1,\"name\":\"Home\",\"item\":\"https:\\\/\\\/www.zhermack.com\\\/pl\\\/\"},{\"@type\":\"ListItem\",\"position\":2,\"name\":\"Przyszli denty\u015bci, ca\u0142a naprz\u00f3d!\"}]},{\"@type\":\"WebSite\",\"@id\":\"https:\\\/\\\/www.zhermack.com\\\/pl\\\/#website\",\"url\":\"https:\\\/\\\/www.zhermack.com\\\/pl\\\/\",\"name\":\"Zhermack\",\"description\":\"\",\"publisher\":{\"@id\":\"https:\\\/\\\/www.zhermack.com\\\/pl\\\/#organization\"},\"potentialAction\":[{\"@type\":\"SearchAction\",\"target\":{\"@type\":\"EntryPoint\",\"urlTemplate\":\"https:\\\/\\\/www.zhermack.com\\\/pl\\\/?s={search_term_string}\"},\"query-input\":{\"@type\":\"PropertyValueSpecification\",\"valueRequired\":true,\"valueName\":\"search_term_string\"}}],\"inLanguage\":\"pl-PL\"},{\"@type\":\"Organization\",\"@id\":\"https:\\\/\\\/www.zhermack.com\\\/pl\\\/#organization\",\"name\":\"zhermack\",\"url\":\"https:\\\/\\\/www.zhermack.com\\\/pl\\\/\",\"logo\":{\"@type\":\"ImageObject\",\"inLanguage\":\"pl-PL\",\"@id\":\"https:\\\/\\\/www.zhermack.com\\\/pl\\\/#\\\/schema\\\/logo\\\/image\\\/\",\"url\":\"\\\/public\\\/uploads\\\/logo-1.png\",\"contentUrl\":\"\\\/public\\\/uploads\\\/logo-1.png\",\"width\":284,\"height\":37,\"caption\":\"zhermack\"},\"image\":{\"@id\":\"https:\\\/\\\/www.zhermack.com\\\/pl\\\/#\\\/schema\\\/logo\\\/image\\\/\"}},{\"@type\":\"Person\",\"@id\":\"https:\\\/\\\/www.zhermack.com\\\/pl\\\/#\\\/schema\\\/person\\\/01c0b68986ce51933869b5888e446909\",\"name\":\"zhermack\",\"image\":{\"@type\":\"ImageObject\",\"inLanguage\":\"pl-PL\",\"@id\":\"https:\\\/\\\/secure.gravatar.com\\\/avatar\\\/430c6e593e0b9f8015a09aab179d9b47f92ec754d117e1c2568420eb453237b7?s=96&d=mm&r=g\",\"url\":\"https:\\\/\\\/secure.gravatar.com\\\/avatar\\\/430c6e593e0b9f8015a09aab179d9b47f92ec754d117e1c2568420eb453237b7?s=96&d=mm&r=g\",\"contentUrl\":\"https:\\\/\\\/secure.gravatar.com\\\/avatar\\\/430c6e593e0b9f8015a09aab179d9b47f92ec754d117e1c2568420eb453237b7?s=96&d=mm&r=g\",\"caption\":\"zhermack\"}}]}<\/script>\n<!-- \/ Yoast SEO plugin. -->","yoast_head_json":{"title":"Przyszli denty\u015bci, ca\u0142a naprz\u00f3d! - Zhermack","robots":{"index":"index","follow":"follow","max-snippet":"max-snippet:-1","max-image-preview":"max-image-preview:large","max-video-preview":"max-video-preview:-1"},"canonical":"https:\/\/www.zhermack.com\/pl\/wiadomosci-o-wydarzeniach\/przyszli-dentysci-cala-naprzod\/","og_locale":"pl_PL","og_type":"article","og_title":"Przyszli denty\u015bci, ca\u0142a naprz\u00f3d! - Zhermack","og_description":"18 i 19 maja firma Zhermack otworzy\u0142a drzwi swojej siedziby dla Mi\u0119dzynarodowego Stowarzyszenia Student\u00f3w Stomatologii (ang. International Association of Dental Students \u2013 IADS). Podczas zorganizowanego szkolenia grupa przysz\u0142ych dentyst\u00f3w, pochodz\u0105cych z r\u00f3\u017cnych cz\u0119\u015bci \u015bwiata, mog\u0142a pozna\u0107 nasze produkty. O przebiegu spotkania opowiedzia\u0142 nam Nicholas\u00a0D. Charles,\u00a0Professional Service Manager, zajmuj\u0105cy si\u0119 w firmie Zhermack stosunkami instytucjonalnymi ze [&hellip;]","og_url":"https:\/\/www.zhermack.com\/pl\/wiadomosci-o-wydarzeniach\/przyszli-dentysci-cala-naprzod\/","og_site_name":"Zhermack","article_published_time":"2018-04-19T08:47:59+00:00","article_modified_time":"2018-12-10T09:22:35+00:00","og_image":[{"width":850,"height":400,"url":"https:\/\/www.zhermack.com\/public\/uploads\/Company_News_eventi_Iads.jpg","type":"image\/jpeg"}],"author":"zhermack","twitter_card":"summary_large_image","twitter_misc":{"Napisane przez":"zhermack","Szacowany czas czytania":"3 minuty"},"schema":{"@context":"https:\/\/schema.org","@graph":[{"@type":"Article","@id":"https:\/\/www.zhermack.com\/pl\/wiadomosci-o-wydarzeniach\/przyszli-dentysci-cala-naprzod\/#article","isPartOf":{"@id":"https:\/\/www.zhermack.com\/pl\/wiadomosci-o-wydarzeniach\/przyszli-dentysci-cala-naprzod\/"},"author":{"name":"zhermack","@id":"https:\/\/www.zhermack.com\/pl\/#\/schema\/person\/01c0b68986ce51933869b5888e446909"},"headline":"Przyszli denty\u015bci, ca\u0142a naprz\u00f3d!","datePublished":"2018-04-19T08:47:59+00:00","dateModified":"2018-12-10T09:22:35+00:00","mainEntityOfPage":{"@id":"https:\/\/www.zhermack.com\/pl\/wiadomosci-o-wydarzeniach\/przyszli-dentysci-cala-naprzod\/"},"wordCount":616,"commentCount":0,"publisher":{"@id":"https:\/\/www.zhermack.com\/pl\/#organization"},"image":{"@id":"https:\/\/www.zhermack.com\/pl\/wiadomosci-o-wydarzeniach\/przyszli-dentysci-cala-naprzod\/#primaryimage"},"thumbnailUrl":"\/public\/uploads\/Company_News_eventi_Iads.jpg","articleSection":["Wiadomo\u015bci firmowe","Wiadomo\u015bci o wydarzeniach"],"inLanguage":"pl-PL","potentialAction":[{"@type":"CommentAction","name":"Comment","target":["https:\/\/www.zhermack.com\/pl\/wiadomosci-o-wydarzeniach\/przyszli-dentysci-cala-naprzod\/#respond"]}]},{"@type":"WebPage","@id":"https:\/\/www.zhermack.com\/pl\/wiadomosci-o-wydarzeniach\/przyszli-dentysci-cala-naprzod\/","url":"https:\/\/www.zhermack.com\/pl\/wiadomosci-o-wydarzeniach\/przyszli-dentysci-cala-naprzod\/","name":"Przyszli denty\u015bci, ca\u0142a naprz\u00f3d! - Zhermack","isPartOf":{"@id":"https:\/\/www.zhermack.com\/pl\/#website"},"primaryImageOfPage":{"@id":"https:\/\/www.zhermack.com\/pl\/wiadomosci-o-wydarzeniach\/przyszli-dentysci-cala-naprzod\/#primaryimage"},"image":{"@id":"https:\/\/www.zhermack.com\/pl\/wiadomosci-o-wydarzeniach\/przyszli-dentysci-cala-naprzod\/#primaryimage"},"thumbnailUrl":"\/public\/uploads\/Company_News_eventi_Iads.jpg","datePublished":"2018-04-19T08:47:59+00:00","dateModified":"2018-12-10T09:22:35+00:00","breadcrumb":{"@id":"https:\/\/www.zhermack.com\/pl\/wiadomosci-o-wydarzeniach\/przyszli-dentysci-cala-naprzod\/#breadcrumb"},"inLanguage":"pl-PL","potentialAction":[{"@type":"ReadAction","target":["https:\/\/www.zhermack.com\/pl\/wiadomosci-o-wydarzeniach\/przyszli-dentysci-cala-naprzod\/"]}]},{"@type":"ImageObject","inLanguage":"pl-PL","@id":"https:\/\/www.zhermack.com\/pl\/wiadomosci-o-wydarzeniach\/przyszli-dentysci-cala-naprzod\/#primaryimage","url":"\/public\/uploads\/Company_News_eventi_Iads.jpg","contentUrl":"\/public\/uploads\/Company_News_eventi_Iads.jpg","width":850,"height":400},{"@type":"BreadcrumbList","@id":"https:\/\/www.zhermack.com\/pl\/wiadomosci-o-wydarzeniach\/przyszli-dentysci-cala-naprzod\/#breadcrumb","itemListElement":[{"@type":"ListItem","position":1,"name":"Home","item":"https:\/\/www.zhermack.com\/pl\/"},{"@type":"ListItem","position":2,"name":"Przyszli denty\u015bci, ca\u0142a naprz\u00f3d!"}]},{"@type":"WebSite","@id":"https:\/\/www.zhermack.com\/pl\/#website","url":"https:\/\/www.zhermack.com\/pl\/","name":"Zhermack","description":"","publisher":{"@id":"https:\/\/www.zhermack.com\/pl\/#organization"},"potentialAction":[{"@type":"SearchAction","target":{"@type":"EntryPoint","urlTemplate":"https:\/\/www.zhermack.com\/pl\/?s={search_term_string}"},"query-input":{"@type":"PropertyValueSpecification","valueRequired":true,"valueName":"search_term_string"}}],"inLanguage":"pl-PL"},{"@type":"Organization","@id":"https:\/\/www.zhermack.com\/pl\/#organization","name":"zhermack","url":"https:\/\/www.zhermack.com\/pl\/","logo":{"@type":"ImageObject","inLanguage":"pl-PL","@id":"https:\/\/www.zhermack.com\/pl\/#\/schema\/logo\/image\/","url":"\/public\/uploads\/logo-1.png","contentUrl":"\/public\/uploads\/logo-1.png","width":284,"height":37,"caption":"zhermack"},"image":{"@id":"https:\/\/www.zhermack.com\/pl\/#\/schema\/logo\/image\/"}},{"@type":"Person","@id":"https:\/\/www.zhermack.com\/pl\/#\/schema\/person\/01c0b68986ce51933869b5888e446909","name":"zhermack","image":{"@type":"ImageObject","inLanguage":"pl-PL","@id":"https:\/\/secure.gravatar.com\/avatar\/430c6e593e0b9f8015a09aab179d9b47f92ec754d117e1c2568420eb453237b7?s=96&d=mm&r=g","url":"https:\/\/secure.gravatar.com\/avatar\/430c6e593e0b9f8015a09aab179d9b47f92ec754d117e1c2568420eb453237b7?s=96&d=mm&r=g","contentUrl":"https:\/\/secure.gravatar.com\/avatar\/430c6e593e0b9f8015a09aab179d9b47f92ec754d117e1c2568420eb453237b7?s=96&d=mm&r=g","caption":"zhermack"}}]}},"_links":{"self":[{"href":"https:\/\/www.zhermack.com\/pl\/wp-json\/wp\/v2\/posts\/11657","targetHints":{"allow":["GET"]}}],"collection":[{"href":"https:\/\/www.zhermack.com\/pl\/wp-json\/wp\/v2\/posts"}],"about":[{"href":"https:\/\/www.zhermack.com\/pl\/wp-json\/wp\/v2\/types\/post"}],"author":[{"embeddable":true,"href":"https:\/\/www.zhermack.com\/pl\/wp-json\/wp\/v2\/users\/1"}],"replies":[{"embeddable":true,"href":"https:\/\/www.zhermack.com\/pl\/wp-json\/wp\/v2\/comments?post=11657"}],"version-history":[{"count":0,"href":"https:\/\/www.zhermack.com\/pl\/wp-json\/wp\/v2\/posts\/11657\/revisions"}],"wp:featuredmedia":[{"embeddable":true,"href":"https:\/\/www.zhermack.com\/pl\/wp-json\/wp\/v2\/media\/11660"}],"wp:attachment":[{"href":"https:\/\/www.zhermack.com\/pl\/wp-json\/wp\/v2\/media?parent=11657"}],"wp:term":[{"taxonomy":"category","embeddable":true,"href":"https:\/\/www.zhermack.com\/pl\/wp-json\/wp\/v2\/categories?post=11657"},{"taxonomy":"post_tag","embeddable":true,"href":"https:\/\/www.zhermack.com\/pl\/wp-json\/wp\/v2\/tags?post=11657"}],"curies":[{"name":"wp","href":"https:\/\/api.w.org\/{rel}","templated":true}]}}