{"id":47996,"date":"2024-04-15T14:52:57","date_gmt":"2024-04-15T12:52:57","guid":{"rendered":"https:\/\/www.zhermack.com\/?p=47996"},"modified":"2024-04-15T14:56:09","modified_gmt":"2024-04-15T12:56:09","slug":"debutto-per-la-divisione-industrial-di-zhermack-a-utech-europe-2024","status":"publish","type":"post","link":"https:\/\/www.zhermack.com\/it\/eventi_it\/debutto-per-la-divisione-industrial-di-zhermack-a-utech-europe-2024\/","title":{"rendered":"Debutto per la divisione Industrial di Zhermack a Utech Europe 2024"},"content":{"rendered":"\n<p>UTECH Europe \u00e8 alle porte!<\/p>\n\n\n\n<p>Zhermack Industrial Division sar\u00e0 presente per il suo debutto assoluto a questa importante mostra e conferenza per l&#8217;industria mondiale del poliuretano, che avr\u00e0 luogo a Maastricht dal 23 al 25 aprile. L&#8217;evento offrir\u00e0 ai visitatori l&#8217;opportunit\u00e0 di conoscere da vicino gli ultimi prodotti, le tecnologie e le innovazioni, di creare una rete di contatti con fornitori di tutto il settore e di tenersi aggiornati sui maggiori e importanti trend dal mondo di questo materiale.<\/p>\n\n\n\n<p>Un\u2019imperdibile occasione per portare il nostro brand verso orizzonti sempre nuovi!<\/p>\n\n\n\n<p>Prendete nota delle coordinate Zhermack: stand P43<\/p>\n","protected":false},"excerpt":{"rendered":"<p>UTECH Europe \u00e8 alle porte! Zhermack Industrial Division sar\u00e0 presente per il suo debutto assoluto a questa importante mostra e conferenza per l&#8217;industria mondiale del poliuretano, che avr\u00e0 luogo a Maastricht dal 23 al 25 aprile. L&#8217;evento offrir\u00e0 ai visitatori l&#8217;opportunit\u00e0 di conoscere da vicino gli ultimi prodotti, le tecnologie e le innovazioni, di creare [&hellip;]<\/p>\n","protected":false},"author":19,"featured_media":47988,"comment_status":"closed","ping_status":"closed","sticky":false,"template":"","format":"standard","meta":{"_acf_changed":false,"rs_blank_template":"","rs_page_bg_color":"","slide_template_v7":"","footnotes":""},"categories":[312,310],"tags":[],"class_list":["post-47996","post","type-post","status-publish","format-standard","has-post-thumbnail","hentry","category-azienda_news_it","category-eventi_it"],"acf":[],"yoast_head":"<!-- This site is optimized with the Yoast SEO plugin v27.3 - https:\/\/yoast.com\/product\/yoast-seo-wordpress\/ -->\n<title>Debutto per la divisione Industrial di Zhermack a Utech Europe 2024 - Zhermack<\/title>\n<meta name=\"robots\" content=\"index, follow, max-snippet:-1, max-image-preview:large, max-video-preview:-1\" \/>\n<link rel=\"canonical\" href=\"https:\/\/www.zhermack.com\/it\/eventi_it\/debutto-per-la-divisione-industrial-di-zhermack-a-utech-europe-2024\/\" \/>\n<meta property=\"og:locale\" content=\"it_IT\" \/>\n<meta property=\"og:type\" content=\"article\" \/>\n<meta property=\"og:title\" content=\"Debutto per la divisione Industrial di Zhermack a Utech Europe 2024 - Zhermack\" \/>\n<meta property=\"og:description\" content=\"UTECH Europe \u00e8 alle porte! Zhermack Industrial Division sar\u00e0 presente per il suo debutto assoluto a questa importante mostra e conferenza per l&#8217;industria mondiale del poliuretano, che avr\u00e0 luogo a Maastricht dal 23 al 25 aprile. L&#8217;evento offrir\u00e0 ai visitatori l&#8217;opportunit\u00e0 di conoscere da vicino gli ultimi prodotti, le tecnologie e le innovazioni, di creare [&hellip;]\" \/>\n<meta property=\"og:url\" content=\"https:\/\/www.zhermack.com\/it\/eventi_it\/debutto-per-la-divisione-industrial-di-zhermack-a-utech-europe-2024\/\" \/>\n<meta property=\"og:site_name\" content=\"Zhermack\" \/>\n<meta property=\"article:published_time\" content=\"2024-04-15T12:52:57+00:00\" \/>\n<meta property=\"article:modified_time\" content=\"2024-04-15T12:56:09+00:00\" \/>\n<meta property=\"og:image\" content=\"https:\/\/www.zhermack.com\/public\/uploads\/utech-europe-news-img.png\" \/>\n\t<meta property=\"og:image:width\" content=\"289\" \/>\n\t<meta property=\"og:image:height\" content=\"174\" \/>\n\t<meta property=\"og:image:type\" content=\"image\/png\" \/>\n<meta name=\"author\" content=\"Alessia Osti\" \/>\n<meta name=\"twitter:card\" content=\"summary_large_image\" \/>\n<meta name=\"twitter:label1\" content=\"Scritto da\" \/>\n\t<meta name=\"twitter:data1\" content=\"Alessia Osti\" \/>\n\t<meta name=\"twitter:label2\" content=\"Tempo di lettura stimato\" \/>\n\t<meta name=\"twitter:data2\" content=\"1 minuto\" \/>\n<script type=\"application\/ld+json\" class=\"yoast-schema-graph\">{\"@context\":\"https:\\\/\\\/schema.org\",\"@graph\":[{\"@type\":\"Article\",\"@id\":\"https:\\\/\\\/www.zhermack.com\\\/it\\\/eventi_it\\\/debutto-per-la-divisione-industrial-di-zhermack-a-utech-europe-2024\\\/#article\",\"isPartOf\":{\"@id\":\"https:\\\/\\\/www.zhermack.com\\\/it\\\/eventi_it\\\/debutto-per-la-divisione-industrial-di-zhermack-a-utech-europe-2024\\\/\"},\"author\":{\"name\":\"Alessia Osti\",\"@id\":\"https:\\\/\\\/www.zhermack.com\\\/it\\\/#\\\/schema\\\/person\\\/024ef3ae0ae6ae8bf535b50497acdb45\"},\"headline\":\"Debutto per la divisione Industrial di Zhermack a Utech Europe 2024\",\"datePublished\":\"2024-04-15T12:52:57+00:00\",\"dateModified\":\"2024-04-15T12:56:09+00:00\",\"mainEntityOfPage\":{\"@id\":\"https:\\\/\\\/www.zhermack.com\\\/it\\\/eventi_it\\\/debutto-per-la-divisione-industrial-di-zhermack-a-utech-europe-2024\\\/\"},\"wordCount\":108,\"publisher\":{\"@id\":\"https:\\\/\\\/www.zhermack.com\\\/it\\\/#organization\"},\"image\":{\"@id\":\"https:\\\/\\\/www.zhermack.com\\\/it\\\/eventi_it\\\/debutto-per-la-divisione-industrial-di-zhermack-a-utech-europe-2024\\\/#primaryimage\"},\"thumbnailUrl\":\"\\\/public\\\/uploads\\\/utech-europe-news-img.png\",\"articleSection\":[\"News Azienda\",\"News Eventi\"],\"inLanguage\":\"it-IT\"},{\"@type\":\"WebPage\",\"@id\":\"https:\\\/\\\/www.zhermack.com\\\/it\\\/eventi_it\\\/debutto-per-la-divisione-industrial-di-zhermack-a-utech-europe-2024\\\/\",\"url\":\"https:\\\/\\\/www.zhermack.com\\\/it\\\/eventi_it\\\/debutto-per-la-divisione-industrial-di-zhermack-a-utech-europe-2024\\\/\",\"name\":\"Debutto per la divisione Industrial di Zhermack a Utech Europe 2024 - Zhermack\",\"isPartOf\":{\"@id\":\"https:\\\/\\\/www.zhermack.com\\\/it\\\/#website\"},\"primaryImageOfPage\":{\"@id\":\"https:\\\/\\\/www.zhermack.com\\\/it\\\/eventi_it\\\/debutto-per-la-divisione-industrial-di-zhermack-a-utech-europe-2024\\\/#primaryimage\"},\"image\":{\"@id\":\"https:\\\/\\\/www.zhermack.com\\\/it\\\/eventi_it\\\/debutto-per-la-divisione-industrial-di-zhermack-a-utech-europe-2024\\\/#primaryimage\"},\"thumbnailUrl\":\"\\\/public\\\/uploads\\\/utech-europe-news-img.png\",\"datePublished\":\"2024-04-15T12:52:57+00:00\",\"dateModified\":\"2024-04-15T12:56:09+00:00\",\"breadcrumb\":{\"@id\":\"https:\\\/\\\/www.zhermack.com\\\/it\\\/eventi_it\\\/debutto-per-la-divisione-industrial-di-zhermack-a-utech-europe-2024\\\/#breadcrumb\"},\"inLanguage\":\"it-IT\",\"potentialAction\":[{\"@type\":\"ReadAction\",\"target\":[\"https:\\\/\\\/www.zhermack.com\\\/it\\\/eventi_it\\\/debutto-per-la-divisione-industrial-di-zhermack-a-utech-europe-2024\\\/\"]}]},{\"@type\":\"ImageObject\",\"inLanguage\":\"it-IT\",\"@id\":\"https:\\\/\\\/www.zhermack.com\\\/it\\\/eventi_it\\\/debutto-per-la-divisione-industrial-di-zhermack-a-utech-europe-2024\\\/#primaryimage\",\"url\":\"\\\/public\\\/uploads\\\/utech-europe-news-img.png\",\"contentUrl\":\"\\\/public\\\/uploads\\\/utech-europe-news-img.png\",\"width\":289,\"height\":174},{\"@type\":\"BreadcrumbList\",\"@id\":\"https:\\\/\\\/www.zhermack.com\\\/it\\\/eventi_it\\\/debutto-per-la-divisione-industrial-di-zhermack-a-utech-europe-2024\\\/#breadcrumb\",\"itemListElement\":[{\"@type\":\"ListItem\",\"position\":1,\"name\":\"Home\",\"item\":\"https:\\\/\\\/www.zhermack.com\\\/it\\\/\"},{\"@type\":\"ListItem\",\"position\":2,\"name\":\"Debutto per la divisione Industrial di Zhermack a Utech Europe 2024\"}]},{\"@type\":\"WebSite\",\"@id\":\"https:\\\/\\\/www.zhermack.com\\\/it\\\/#website\",\"url\":\"https:\\\/\\\/www.zhermack.com\\\/it\\\/\",\"name\":\"Zhermack\",\"description\":\"\",\"publisher\":{\"@id\":\"https:\\\/\\\/www.zhermack.com\\\/it\\\/#organization\"},\"potentialAction\":[{\"@type\":\"SearchAction\",\"target\":{\"@type\":\"EntryPoint\",\"urlTemplate\":\"https:\\\/\\\/www.zhermack.com\\\/it\\\/?s={search_term_string}\"},\"query-input\":{\"@type\":\"PropertyValueSpecification\",\"valueRequired\":true,\"valueName\":\"search_term_string\"}}],\"inLanguage\":\"it-IT\"},{\"@type\":\"Organization\",\"@id\":\"https:\\\/\\\/www.zhermack.com\\\/it\\\/#organization\",\"name\":\"zhermack\",\"url\":\"https:\\\/\\\/www.zhermack.com\\\/it\\\/\",\"logo\":{\"@type\":\"ImageObject\",\"inLanguage\":\"it-IT\",\"@id\":\"https:\\\/\\\/www.zhermack.com\\\/it\\\/#\\\/schema\\\/logo\\\/image\\\/\",\"url\":\"\\\/public\\\/uploads\\\/logo-1.png\",\"contentUrl\":\"\\\/public\\\/uploads\\\/logo-1.png\",\"width\":284,\"height\":37,\"caption\":\"zhermack\"},\"image\":{\"@id\":\"https:\\\/\\\/www.zhermack.com\\\/it\\\/#\\\/schema\\\/logo\\\/image\\\/\"}},{\"@type\":\"Person\",\"@id\":\"https:\\\/\\\/www.zhermack.com\\\/it\\\/#\\\/schema\\\/person\\\/024ef3ae0ae6ae8bf535b50497acdb45\",\"name\":\"Alessia Osti\",\"image\":{\"@type\":\"ImageObject\",\"inLanguage\":\"it-IT\",\"@id\":\"https:\\\/\\\/secure.gravatar.com\\\/avatar\\\/3cf0c324769afcf763502203ca60cfd4157ae0712932d85858f80e38696e6903?s=96&d=mm&r=g\",\"url\":\"https:\\\/\\\/secure.gravatar.com\\\/avatar\\\/3cf0c324769afcf763502203ca60cfd4157ae0712932d85858f80e38696e6903?s=96&d=mm&r=g\",\"contentUrl\":\"https:\\\/\\\/secure.gravatar.com\\\/avatar\\\/3cf0c324769afcf763502203ca60cfd4157ae0712932d85858f80e38696e6903?s=96&d=mm&r=g\",\"caption\":\"Alessia Osti\"}}]}<\/script>\n<!-- \/ Yoast SEO plugin. -->","yoast_head_json":{"title":"Debutto per la divisione Industrial di Zhermack a Utech Europe 2024 - Zhermack","robots":{"index":"index","follow":"follow","max-snippet":"max-snippet:-1","max-image-preview":"max-image-preview:large","max-video-preview":"max-video-preview:-1"},"canonical":"https:\/\/www.zhermack.com\/it\/eventi_it\/debutto-per-la-divisione-industrial-di-zhermack-a-utech-europe-2024\/","og_locale":"it_IT","og_type":"article","og_title":"Debutto per la divisione Industrial di Zhermack a Utech Europe 2024 - Zhermack","og_description":"UTECH Europe \u00e8 alle porte! Zhermack Industrial Division sar\u00e0 presente per il suo debutto assoluto a questa importante mostra e conferenza per l&#8217;industria mondiale del poliuretano, che avr\u00e0 luogo a Maastricht dal 23 al 25 aprile. L&#8217;evento offrir\u00e0 ai visitatori l&#8217;opportunit\u00e0 di conoscere da vicino gli ultimi prodotti, le tecnologie e le innovazioni, di creare [&hellip;]","og_url":"https:\/\/www.zhermack.com\/it\/eventi_it\/debutto-per-la-divisione-industrial-di-zhermack-a-utech-europe-2024\/","og_site_name":"Zhermack","article_published_time":"2024-04-15T12:52:57+00:00","article_modified_time":"2024-04-15T12:56:09+00:00","og_image":[{"width":289,"height":174,"url":"https:\/\/www.zhermack.com\/public\/uploads\/utech-europe-news-img.png","type":"image\/png"}],"author":"Alessia Osti","twitter_card":"summary_large_image","twitter_misc":{"Scritto da":"Alessia Osti","Tempo di lettura stimato":"1 minuto"},"schema":{"@context":"https:\/\/schema.org","@graph":[{"@type":"Article","@id":"https:\/\/www.zhermack.com\/it\/eventi_it\/debutto-per-la-divisione-industrial-di-zhermack-a-utech-europe-2024\/#article","isPartOf":{"@id":"https:\/\/www.zhermack.com\/it\/eventi_it\/debutto-per-la-divisione-industrial-di-zhermack-a-utech-europe-2024\/"},"author":{"name":"Alessia Osti","@id":"https:\/\/www.zhermack.com\/it\/#\/schema\/person\/024ef3ae0ae6ae8bf535b50497acdb45"},"headline":"Debutto per la divisione Industrial di Zhermack a Utech Europe 2024","datePublished":"2024-04-15T12:52:57+00:00","dateModified":"2024-04-15T12:56:09+00:00","mainEntityOfPage":{"@id":"https:\/\/www.zhermack.com\/it\/eventi_it\/debutto-per-la-divisione-industrial-di-zhermack-a-utech-europe-2024\/"},"wordCount":108,"publisher":{"@id":"https:\/\/www.zhermack.com\/it\/#organization"},"image":{"@id":"https:\/\/www.zhermack.com\/it\/eventi_it\/debutto-per-la-divisione-industrial-di-zhermack-a-utech-europe-2024\/#primaryimage"},"thumbnailUrl":"\/public\/uploads\/utech-europe-news-img.png","articleSection":["News Azienda","News Eventi"],"inLanguage":"it-IT"},{"@type":"WebPage","@id":"https:\/\/www.zhermack.com\/it\/eventi_it\/debutto-per-la-divisione-industrial-di-zhermack-a-utech-europe-2024\/","url":"https:\/\/www.zhermack.com\/it\/eventi_it\/debutto-per-la-divisione-industrial-di-zhermack-a-utech-europe-2024\/","name":"Debutto per la divisione Industrial di Zhermack a Utech Europe 2024 - Zhermack","isPartOf":{"@id":"https:\/\/www.zhermack.com\/it\/#website"},"primaryImageOfPage":{"@id":"https:\/\/www.zhermack.com\/it\/eventi_it\/debutto-per-la-divisione-industrial-di-zhermack-a-utech-europe-2024\/#primaryimage"},"image":{"@id":"https:\/\/www.zhermack.com\/it\/eventi_it\/debutto-per-la-divisione-industrial-di-zhermack-a-utech-europe-2024\/#primaryimage"},"thumbnailUrl":"\/public\/uploads\/utech-europe-news-img.png","datePublished":"2024-04-15T12:52:57+00:00","dateModified":"2024-04-15T12:56:09+00:00","breadcrumb":{"@id":"https:\/\/www.zhermack.com\/it\/eventi_it\/debutto-per-la-divisione-industrial-di-zhermack-a-utech-europe-2024\/#breadcrumb"},"inLanguage":"it-IT","potentialAction":[{"@type":"ReadAction","target":["https:\/\/www.zhermack.com\/it\/eventi_it\/debutto-per-la-divisione-industrial-di-zhermack-a-utech-europe-2024\/"]}]},{"@type":"ImageObject","inLanguage":"it-IT","@id":"https:\/\/www.zhermack.com\/it\/eventi_it\/debutto-per-la-divisione-industrial-di-zhermack-a-utech-europe-2024\/#primaryimage","url":"\/public\/uploads\/utech-europe-news-img.png","contentUrl":"\/public\/uploads\/utech-europe-news-img.png","width":289,"height":174},{"@type":"BreadcrumbList","@id":"https:\/\/www.zhermack.com\/it\/eventi_it\/debutto-per-la-divisione-industrial-di-zhermack-a-utech-europe-2024\/#breadcrumb","itemListElement":[{"@type":"ListItem","position":1,"name":"Home","item":"https:\/\/www.zhermack.com\/it\/"},{"@type":"ListItem","position":2,"name":"Debutto per la divisione Industrial di Zhermack a Utech Europe 2024"}]},{"@type":"WebSite","@id":"https:\/\/www.zhermack.com\/it\/#website","url":"https:\/\/www.zhermack.com\/it\/","name":"Zhermack","description":"","publisher":{"@id":"https:\/\/www.zhermack.com\/it\/#organization"},"potentialAction":[{"@type":"SearchAction","target":{"@type":"EntryPoint","urlTemplate":"https:\/\/www.zhermack.com\/it\/?s={search_term_string}"},"query-input":{"@type":"PropertyValueSpecification","valueRequired":true,"valueName":"search_term_string"}}],"inLanguage":"it-IT"},{"@type":"Organization","@id":"https:\/\/www.zhermack.com\/it\/#organization","name":"zhermack","url":"https:\/\/www.zhermack.com\/it\/","logo":{"@type":"ImageObject","inLanguage":"it-IT","@id":"https:\/\/www.zhermack.com\/it\/#\/schema\/logo\/image\/","url":"\/public\/uploads\/logo-1.png","contentUrl":"\/public\/uploads\/logo-1.png","width":284,"height":37,"caption":"zhermack"},"image":{"@id":"https:\/\/www.zhermack.com\/it\/#\/schema\/logo\/image\/"}},{"@type":"Person","@id":"https:\/\/www.zhermack.com\/it\/#\/schema\/person\/024ef3ae0ae6ae8bf535b50497acdb45","name":"Alessia Osti","image":{"@type":"ImageObject","inLanguage":"it-IT","@id":"https:\/\/secure.gravatar.com\/avatar\/3cf0c324769afcf763502203ca60cfd4157ae0712932d85858f80e38696e6903?s=96&d=mm&r=g","url":"https:\/\/secure.gravatar.com\/avatar\/3cf0c324769afcf763502203ca60cfd4157ae0712932d85858f80e38696e6903?s=96&d=mm&r=g","contentUrl":"https:\/\/secure.gravatar.com\/avatar\/3cf0c324769afcf763502203ca60cfd4157ae0712932d85858f80e38696e6903?s=96&d=mm&r=g","caption":"Alessia Osti"}}]}},"_links":{"self":[{"href":"https:\/\/www.zhermack.com\/it\/wp-json\/wp\/v2\/posts\/47996","targetHints":{"allow":["GET"]}}],"collection":[{"href":"https:\/\/www.zhermack.com\/it\/wp-json\/wp\/v2\/posts"}],"about":[{"href":"https:\/\/www.zhermack.com\/it\/wp-json\/wp\/v2\/types\/post"}],"author":[{"embeddable":true,"href":"https:\/\/www.zhermack.com\/it\/wp-json\/wp\/v2\/users\/19"}],"replies":[{"embeddable":true,"href":"https:\/\/www.zhermack.com\/it\/wp-json\/wp\/v2\/comments?post=47996"}],"version-history":[{"count":0,"href":"https:\/\/www.zhermack.com\/it\/wp-json\/wp\/v2\/posts\/47996\/revisions"}],"wp:featuredmedia":[{"embeddable":true,"href":"https:\/\/www.zhermack.com\/it\/wp-json\/wp\/v2\/media\/47988"}],"wp:attachment":[{"href":"https:\/\/www.zhermack.com\/it\/wp-json\/wp\/v2\/media?parent=47996"}],"wp:term":[{"taxonomy":"category","embeddable":true,"href":"https:\/\/www.zhermack.com\/it\/wp-json\/wp\/v2\/categories?post=47996"},{"taxonomy":"post_tag","embeddable":true,"href":"https:\/\/www.zhermack.com\/it\/wp-json\/wp\/v2\/tags?post=47996"}],"curies":[{"name":"wp","href":"https:\/\/api.w.org\/{rel}","templated":true}]}}