{"id":46252,"date":"2023-10-05T15:44:44","date_gmt":"2023-10-05T13:44:44","guid":{"rendered":"https:\/\/www.zhermack.com\/?p=46252"},"modified":"2023-10-05T15:44:47","modified_gmt":"2023-10-05T13:44:47","slug":"6-run-with-zhermack","status":"publish","type":"post","link":"https:\/\/www.zhermack.com\/it\/azienda_news_it\/6-run-with-zhermack\/","title":{"rendered":"6^ Run with Zhermack &#8211; Sostenibilit\u00e0 e inclusione nel segno della beneficenza"},"content":{"rendered":"\n<p><em>Badia Polesine, 5 ottobre 2023<\/em> \u2013 Sabato 16 settembre, nel piazzale di Zhermack, si sono riunite <strong>quasi 1000<\/strong> persone per partecipare alla <strong>6^ edizione <\/strong>di<strong> Run with Zhermack<\/strong>. Anche quest\u2019anno, l\u2019ormai affermata marcia non competitiva organizzata dall\u2019Azienda di Badia Polesine, ha avuto un unico fine: quello della <strong>beneficenza <\/strong>a supporto di <strong>progetti sociali nel territorio<\/strong>.<\/p>\n\n\n\n<p>Anche in questa sesta edizione, \u00e8 stato confermato l\u2019apprezzato <strong>percorso inclusivo di 2km senza barriere architettoniche<\/strong>, introdotto lo scorso anno e aggiunto ai gi\u00e0 esistenti tracciati di <strong>5 e 12 km.<\/strong> &nbsp;<strong>La novit\u00e0 di questa edizione \u00e8 stato il forte impegno alla riduzione del consumo di plastica<\/strong>, reso possibile dalla proficua <strong>collaborazione con Plastic Free<\/strong>, associazione senza scopo di lucro che sensibilizza sull\u2019inquinamento da plastica.<\/p>\n\n\n\n<p>Il ricavato di Run with Zhermack, <strong>raddoppiato<\/strong> come ormai da tradizione dall\u2019Azienda, sosterr\u00e0 <strong>due progetti locali <\/strong>pi\u00f9 un <strong>terzo<\/strong> che andr\u00e0 ad aggiungersi alla consueta beneficienza delle festivit\u00e0 natalizie.<\/p>\n\n\n\n<p>Il primo, che Zhermack supporta gi\u00e0 da tempo attraverso varie iniziative, \u00e8 il progetto \u201c<strong>Scuola Potenziata<\/strong>\u201d, il cui obiettivo vuole rispondere ai bisogni educativi dei bambini in situazione di disabilit\u00e0 medio-grave. Il progetto coinvolge sei istituti scolastici appartenenti al <strong>Centro Territoriale per l\u2019Integrazione<\/strong> di Badia Polesine. Grazie alla Scuola Potenziata le famiglie si sentono supportate nel compito di crescere e contribuire al benessere dei loro figli. Anche gli insegnanti svolgono un ruolo primario: durante l\u2019anno scolastico diventano consapevoli delle dinamiche da attuare con bambini con disabilit\u00e0 e fungono da supporto per l\u2019intera classe a favore dell\u2019inclusione scolastica.<\/p>\n\n\n\n<p>La seconda realt\u00e0 che beneficer\u00e0 del ricavato \u00e8 l\u2019associazione <strong>L.A. VOL.A.N.D.A.<\/strong>, ente locale di Badia Polesine che si impegna a favore dell\u2019inclusione sociale e dell\u2019autonomia dei soggetti pi\u00f9 fragili, la quale ha contribuito attivamente all\u2019organizzazione dell\u2019evento podistico in vari momenti salienti.<\/p>\n\n\n\n<p>Grazie all\u2019aiuto di Zhermack, L.A VOL.A.N.D.A. potr\u00e0 sostenere il progetto \u201c<strong>Insieme si pu\u00f2 crescere<\/strong>\u201d grazie al quale alcuni ragazzi disabili avranno la possibilit\u00e0 di vivere in autogestione in un appartamento, e <strong>\u201cWorking Moments\u201d<\/strong>, laboratorio in cui i ragazzi potranno provare esperienze lavorative. L\u2019impegno a favore de L.A. VOL.A.N.D.A. si rinnova dopo anni di collaborazione reciproca con Zhermack.<\/p>\n\n\n\n<p>A conclusione della conferenza stampa, il General Manager Ing. Paolo Ambrosini esprime parole di soddisfazione: <em>\u00ab<strong>Run with Zhermack<\/strong> \u00e8 una manifestazione che, anno dopo anno, si sta affermando come un<strong> importante momento di aggregazione sociale per il nostro territorio<\/strong>. Aver assistito ad una partecipazione cos\u00ec numerosa \u00e8 stato motivo di orgoglio ed ha contribuito ad accrescere la bellissima atmosfera di questo momento di festa. Ringrazio gli organizzatori, il Sindaco di Badia Polesine Giovanni Rossi, il Sindaco di Lendinara Luigi Viaro e il Vicepresidente di Confindustria Veneto Est Paolo Armenio e le autorit\u00e0 di polizia locale, per essere intervenuti durante la manifestazione. Questo evento non \u00e8 stato solo un\u2019occasione di divertimento ma anche un\u2019opportunit\u00e0 per renderci tutti attenti nei confronti del nostro territorio\u201d.<\/em><\/p>\n\n\n\n<p><em>Ufficio Stampa Zhermack SpA<\/em><\/p>\n","protected":false},"excerpt":{"rendered":"<p>Badia Polesine, 5 ottobre 2023 \u2013 Sabato 16 settembre, nel piazzale di Zhermack, si sono riunite quasi 1000 persone per partecipare alla 6^ edizione di Run with Zhermack. Anche quest\u2019anno, l\u2019ormai affermata marcia non competitiva organizzata dall\u2019Azienda di Badia Polesine, ha avuto un unico fine: quello della beneficenza a supporto di progetti sociali nel territorio. [&hellip;]<\/p>\n","protected":false},"author":20,"featured_media":46253,"comment_status":"closed","ping_status":"closed","sticky":false,"template":"","format":"standard","meta":{"_acf_changed":false,"rs_blank_template":"","rs_page_bg_color":"","slide_template_v7":"","footnotes":""},"categories":[312,310],"tags":[],"class_list":["post-46252","post","type-post","status-publish","format-standard","has-post-thumbnail","hentry","category-azienda_news_it","category-eventi_it"],"acf":[],"yoast_head":"<!-- This site is optimized with the Yoast SEO plugin v27.3 - https:\/\/yoast.com\/product\/yoast-seo-wordpress\/ -->\n<title>6^ Run with Zhermack - Sostenibilit\u00e0 e inclusione nel segno della beneficenza - Zhermack<\/title>\n<meta name=\"description\" content=\"Sabato 16 settembre, nel piazzale di Zhermack, si sono riunite quasi 1000 persone per partecipare alla 6^ edizione di Run with Zhermack.\" \/>\n<meta name=\"robots\" content=\"index, follow, max-snippet:-1, max-image-preview:large, max-video-preview:-1\" \/>\n<link rel=\"canonical\" href=\"https:\/\/www.zhermack.com\/it\/azienda_news_it\/6-run-with-zhermack\/\" \/>\n<meta property=\"og:locale\" content=\"it_IT\" \/>\n<meta property=\"og:type\" content=\"article\" \/>\n<meta property=\"og:title\" content=\"6^ Run with Zhermack - Sostenibilit\u00e0 e inclusione nel segno della beneficenza - Zhermack\" \/>\n<meta property=\"og:description\" content=\"Sabato 16 settembre, nel piazzale di Zhermack, si sono riunite quasi 1000 persone per partecipare alla 6^ edizione di Run with Zhermack.\" \/>\n<meta property=\"og:url\" content=\"https:\/\/www.zhermack.com\/it\/azienda_news_it\/6-run-with-zhermack\/\" \/>\n<meta property=\"og:site_name\" content=\"Zhermack\" \/>\n<meta property=\"article:published_time\" content=\"2023-10-05T13:44:44+00:00\" \/>\n<meta property=\"article:modified_time\" content=\"2023-10-05T13:44:47+00:00\" \/>\n<meta property=\"og:image\" content=\"https:\/\/www.zhermack.com\/public\/uploads\/230916-ZhermackRun_230916-ZhermackRun_A7303406-Modifica_@PA23_@PA23-scaled.jpg\" \/>\n\t<meta property=\"og:image:width\" content=\"2560\" \/>\n\t<meta property=\"og:image:height\" content=\"1707\" \/>\n\t<meta property=\"og:image:type\" content=\"image\/jpeg\" \/>\n<meta name=\"author\" content=\"Jasmine.Tramarin\" \/>\n<meta name=\"twitter:card\" content=\"summary_large_image\" \/>\n<meta name=\"twitter:label1\" content=\"Scritto da\" \/>\n\t<meta name=\"twitter:data1\" content=\"Jasmine.Tramarin\" \/>\n\t<meta name=\"twitter:label2\" content=\"Tempo di lettura stimato\" \/>\n\t<meta name=\"twitter:data2\" content=\"3 minuti\" \/>\n<script type=\"application\/ld+json\" class=\"yoast-schema-graph\">{\"@context\":\"https:\\\/\\\/schema.org\",\"@graph\":[{\"@type\":\"Article\",\"@id\":\"https:\\\/\\\/www.zhermack.com\\\/it\\\/azienda_news_it\\\/6-run-with-zhermack\\\/#article\",\"isPartOf\":{\"@id\":\"https:\\\/\\\/www.zhermack.com\\\/it\\\/azienda_news_it\\\/6-run-with-zhermack\\\/\"},\"author\":{\"name\":\"Jasmine.Tramarin\",\"@id\":\"https:\\\/\\\/www.zhermack.com\\\/it\\\/#\\\/schema\\\/person\\\/3e6507da547ec95e60ff3edb8d2909ad\"},\"headline\":\"6^ Run with Zhermack &#8211; Sostenibilit\u00e0 e inclusione nel segno della beneficenza\",\"datePublished\":\"2023-10-05T13:44:44+00:00\",\"dateModified\":\"2023-10-05T13:44:47+00:00\",\"mainEntityOfPage\":{\"@id\":\"https:\\\/\\\/www.zhermack.com\\\/it\\\/azienda_news_it\\\/6-run-with-zhermack\\\/\"},\"wordCount\":501,\"publisher\":{\"@id\":\"https:\\\/\\\/www.zhermack.com\\\/it\\\/#organization\"},\"image\":{\"@id\":\"https:\\\/\\\/www.zhermack.com\\\/it\\\/azienda_news_it\\\/6-run-with-zhermack\\\/#primaryimage\"},\"thumbnailUrl\":\"\\\/public\\\/uploads\\\/230916-ZhermackRun_230916-ZhermackRun_A7303406-Modifica_@PA23_@PA23-scaled.jpg\",\"articleSection\":[\"News Azienda\",\"News Eventi\"],\"inLanguage\":\"it-IT\"},{\"@type\":\"WebPage\",\"@id\":\"https:\\\/\\\/www.zhermack.com\\\/it\\\/azienda_news_it\\\/6-run-with-zhermack\\\/\",\"url\":\"https:\\\/\\\/www.zhermack.com\\\/it\\\/azienda_news_it\\\/6-run-with-zhermack\\\/\",\"name\":\"6^ Run with Zhermack - Sostenibilit\u00e0 e inclusione nel segno della beneficenza - Zhermack\",\"isPartOf\":{\"@id\":\"https:\\\/\\\/www.zhermack.com\\\/it\\\/#website\"},\"primaryImageOfPage\":{\"@id\":\"https:\\\/\\\/www.zhermack.com\\\/it\\\/azienda_news_it\\\/6-run-with-zhermack\\\/#primaryimage\"},\"image\":{\"@id\":\"https:\\\/\\\/www.zhermack.com\\\/it\\\/azienda_news_it\\\/6-run-with-zhermack\\\/#primaryimage\"},\"thumbnailUrl\":\"\\\/public\\\/uploads\\\/230916-ZhermackRun_230916-ZhermackRun_A7303406-Modifica_@PA23_@PA23-scaled.jpg\",\"datePublished\":\"2023-10-05T13:44:44+00:00\",\"dateModified\":\"2023-10-05T13:44:47+00:00\",\"description\":\"Sabato 16 settembre, nel piazzale di Zhermack, si sono riunite quasi 1000 persone per partecipare alla 6^ edizione di Run with Zhermack.\",\"breadcrumb\":{\"@id\":\"https:\\\/\\\/www.zhermack.com\\\/it\\\/azienda_news_it\\\/6-run-with-zhermack\\\/#breadcrumb\"},\"inLanguage\":\"it-IT\",\"potentialAction\":[{\"@type\":\"ReadAction\",\"target\":[\"https:\\\/\\\/www.zhermack.com\\\/it\\\/azienda_news_it\\\/6-run-with-zhermack\\\/\"]}]},{\"@type\":\"ImageObject\",\"inLanguage\":\"it-IT\",\"@id\":\"https:\\\/\\\/www.zhermack.com\\\/it\\\/azienda_news_it\\\/6-run-with-zhermack\\\/#primaryimage\",\"url\":\"\\\/public\\\/uploads\\\/230916-ZhermackRun_230916-ZhermackRun_A7303406-Modifica_@PA23_@PA23-scaled.jpg\",\"contentUrl\":\"\\\/public\\\/uploads\\\/230916-ZhermackRun_230916-ZhermackRun_A7303406-Modifica_@PA23_@PA23-scaled.jpg\",\"width\":2560,\"height\":1707,\"caption\":\"6^ Run with Zhermack\"},{\"@type\":\"BreadcrumbList\",\"@id\":\"https:\\\/\\\/www.zhermack.com\\\/it\\\/azienda_news_it\\\/6-run-with-zhermack\\\/#breadcrumb\",\"itemListElement\":[{\"@type\":\"ListItem\",\"position\":1,\"name\":\"Home\",\"item\":\"https:\\\/\\\/www.zhermack.com\\\/it\\\/\"},{\"@type\":\"ListItem\",\"position\":2,\"name\":\"6^ Run with Zhermack &#8211; Sostenibilit\u00e0 e inclusione nel segno della beneficenza\"}]},{\"@type\":\"WebSite\",\"@id\":\"https:\\\/\\\/www.zhermack.com\\\/it\\\/#website\",\"url\":\"https:\\\/\\\/www.zhermack.com\\\/it\\\/\",\"name\":\"Zhermack\",\"description\":\"\",\"publisher\":{\"@id\":\"https:\\\/\\\/www.zhermack.com\\\/it\\\/#organization\"},\"potentialAction\":[{\"@type\":\"SearchAction\",\"target\":{\"@type\":\"EntryPoint\",\"urlTemplate\":\"https:\\\/\\\/www.zhermack.com\\\/it\\\/?s={search_term_string}\"},\"query-input\":{\"@type\":\"PropertyValueSpecification\",\"valueRequired\":true,\"valueName\":\"search_term_string\"}}],\"inLanguage\":\"it-IT\"},{\"@type\":\"Organization\",\"@id\":\"https:\\\/\\\/www.zhermack.com\\\/it\\\/#organization\",\"name\":\"zhermack\",\"url\":\"https:\\\/\\\/www.zhermack.com\\\/it\\\/\",\"logo\":{\"@type\":\"ImageObject\",\"inLanguage\":\"it-IT\",\"@id\":\"https:\\\/\\\/www.zhermack.com\\\/it\\\/#\\\/schema\\\/logo\\\/image\\\/\",\"url\":\"\\\/public\\\/uploads\\\/logo-1.png\",\"contentUrl\":\"\\\/public\\\/uploads\\\/logo-1.png\",\"width\":284,\"height\":37,\"caption\":\"zhermack\"},\"image\":{\"@id\":\"https:\\\/\\\/www.zhermack.com\\\/it\\\/#\\\/schema\\\/logo\\\/image\\\/\"}},{\"@type\":\"Person\",\"@id\":\"https:\\\/\\\/www.zhermack.com\\\/it\\\/#\\\/schema\\\/person\\\/3e6507da547ec95e60ff3edb8d2909ad\",\"name\":\"Jasmine.Tramarin\",\"image\":{\"@type\":\"ImageObject\",\"inLanguage\":\"it-IT\",\"@id\":\"https:\\\/\\\/secure.gravatar.com\\\/avatar\\\/3d803d18cdb5a1db2274ca8b70bbe7472904a87351b597517069cf4d63491d34?s=96&d=mm&r=g\",\"url\":\"https:\\\/\\\/secure.gravatar.com\\\/avatar\\\/3d803d18cdb5a1db2274ca8b70bbe7472904a87351b597517069cf4d63491d34?s=96&d=mm&r=g\",\"contentUrl\":\"https:\\\/\\\/secure.gravatar.com\\\/avatar\\\/3d803d18cdb5a1db2274ca8b70bbe7472904a87351b597517069cf4d63491d34?s=96&d=mm&r=g\",\"caption\":\"Jasmine.Tramarin\"}}]}<\/script>\n<!-- \/ Yoast SEO plugin. -->","yoast_head_json":{"title":"6^ Run with Zhermack - Sostenibilit\u00e0 e inclusione nel segno della beneficenza - Zhermack","description":"Sabato 16 settembre, nel piazzale di Zhermack, si sono riunite quasi 1000 persone per partecipare alla 6^ edizione di Run with Zhermack.","robots":{"index":"index","follow":"follow","max-snippet":"max-snippet:-1","max-image-preview":"max-image-preview:large","max-video-preview":"max-video-preview:-1"},"canonical":"https:\/\/www.zhermack.com\/it\/azienda_news_it\/6-run-with-zhermack\/","og_locale":"it_IT","og_type":"article","og_title":"6^ Run with Zhermack - Sostenibilit\u00e0 e inclusione nel segno della beneficenza - Zhermack","og_description":"Sabato 16 settembre, nel piazzale di Zhermack, si sono riunite quasi 1000 persone per partecipare alla 6^ edizione di Run with Zhermack.","og_url":"https:\/\/www.zhermack.com\/it\/azienda_news_it\/6-run-with-zhermack\/","og_site_name":"Zhermack","article_published_time":"2023-10-05T13:44:44+00:00","article_modified_time":"2023-10-05T13:44:47+00:00","og_image":[{"width":2560,"height":1707,"url":"https:\/\/www.zhermack.com\/public\/uploads\/230916-ZhermackRun_230916-ZhermackRun_A7303406-Modifica_@PA23_@PA23-scaled.jpg","type":"image\/jpeg"}],"author":"Jasmine.Tramarin","twitter_card":"summary_large_image","twitter_misc":{"Scritto da":"Jasmine.Tramarin","Tempo di lettura stimato":"3 minuti"},"schema":{"@context":"https:\/\/schema.org","@graph":[{"@type":"Article","@id":"https:\/\/www.zhermack.com\/it\/azienda_news_it\/6-run-with-zhermack\/#article","isPartOf":{"@id":"https:\/\/www.zhermack.com\/it\/azienda_news_it\/6-run-with-zhermack\/"},"author":{"name":"Jasmine.Tramarin","@id":"https:\/\/www.zhermack.com\/it\/#\/schema\/person\/3e6507da547ec95e60ff3edb8d2909ad"},"headline":"6^ Run with Zhermack &#8211; Sostenibilit\u00e0 e inclusione nel segno della beneficenza","datePublished":"2023-10-05T13:44:44+00:00","dateModified":"2023-10-05T13:44:47+00:00","mainEntityOfPage":{"@id":"https:\/\/www.zhermack.com\/it\/azienda_news_it\/6-run-with-zhermack\/"},"wordCount":501,"publisher":{"@id":"https:\/\/www.zhermack.com\/it\/#organization"},"image":{"@id":"https:\/\/www.zhermack.com\/it\/azienda_news_it\/6-run-with-zhermack\/#primaryimage"},"thumbnailUrl":"\/public\/uploads\/230916-ZhermackRun_230916-ZhermackRun_A7303406-Modifica_@PA23_@PA23-scaled.jpg","articleSection":["News Azienda","News Eventi"],"inLanguage":"it-IT"},{"@type":"WebPage","@id":"https:\/\/www.zhermack.com\/it\/azienda_news_it\/6-run-with-zhermack\/","url":"https:\/\/www.zhermack.com\/it\/azienda_news_it\/6-run-with-zhermack\/","name":"6^ Run with Zhermack - Sostenibilit\u00e0 e inclusione nel segno della beneficenza - Zhermack","isPartOf":{"@id":"https:\/\/www.zhermack.com\/it\/#website"},"primaryImageOfPage":{"@id":"https:\/\/www.zhermack.com\/it\/azienda_news_it\/6-run-with-zhermack\/#primaryimage"},"image":{"@id":"https:\/\/www.zhermack.com\/it\/azienda_news_it\/6-run-with-zhermack\/#primaryimage"},"thumbnailUrl":"\/public\/uploads\/230916-ZhermackRun_230916-ZhermackRun_A7303406-Modifica_@PA23_@PA23-scaled.jpg","datePublished":"2023-10-05T13:44:44+00:00","dateModified":"2023-10-05T13:44:47+00:00","description":"Sabato 16 settembre, nel piazzale di Zhermack, si sono riunite quasi 1000 persone per partecipare alla 6^ edizione di Run with Zhermack.","breadcrumb":{"@id":"https:\/\/www.zhermack.com\/it\/azienda_news_it\/6-run-with-zhermack\/#breadcrumb"},"inLanguage":"it-IT","potentialAction":[{"@type":"ReadAction","target":["https:\/\/www.zhermack.com\/it\/azienda_news_it\/6-run-with-zhermack\/"]}]},{"@type":"ImageObject","inLanguage":"it-IT","@id":"https:\/\/www.zhermack.com\/it\/azienda_news_it\/6-run-with-zhermack\/#primaryimage","url":"\/public\/uploads\/230916-ZhermackRun_230916-ZhermackRun_A7303406-Modifica_@PA23_@PA23-scaled.jpg","contentUrl":"\/public\/uploads\/230916-ZhermackRun_230916-ZhermackRun_A7303406-Modifica_@PA23_@PA23-scaled.jpg","width":2560,"height":1707,"caption":"6^ Run with Zhermack"},{"@type":"BreadcrumbList","@id":"https:\/\/www.zhermack.com\/it\/azienda_news_it\/6-run-with-zhermack\/#breadcrumb","itemListElement":[{"@type":"ListItem","position":1,"name":"Home","item":"https:\/\/www.zhermack.com\/it\/"},{"@type":"ListItem","position":2,"name":"6^ Run with Zhermack &#8211; Sostenibilit\u00e0 e inclusione nel segno della beneficenza"}]},{"@type":"WebSite","@id":"https:\/\/www.zhermack.com\/it\/#website","url":"https:\/\/www.zhermack.com\/it\/","name":"Zhermack","description":"","publisher":{"@id":"https:\/\/www.zhermack.com\/it\/#organization"},"potentialAction":[{"@type":"SearchAction","target":{"@type":"EntryPoint","urlTemplate":"https:\/\/www.zhermack.com\/it\/?s={search_term_string}"},"query-input":{"@type":"PropertyValueSpecification","valueRequired":true,"valueName":"search_term_string"}}],"inLanguage":"it-IT"},{"@type":"Organization","@id":"https:\/\/www.zhermack.com\/it\/#organization","name":"zhermack","url":"https:\/\/www.zhermack.com\/it\/","logo":{"@type":"ImageObject","inLanguage":"it-IT","@id":"https:\/\/www.zhermack.com\/it\/#\/schema\/logo\/image\/","url":"\/public\/uploads\/logo-1.png","contentUrl":"\/public\/uploads\/logo-1.png","width":284,"height":37,"caption":"zhermack"},"image":{"@id":"https:\/\/www.zhermack.com\/it\/#\/schema\/logo\/image\/"}},{"@type":"Person","@id":"https:\/\/www.zhermack.com\/it\/#\/schema\/person\/3e6507da547ec95e60ff3edb8d2909ad","name":"Jasmine.Tramarin","image":{"@type":"ImageObject","inLanguage":"it-IT","@id":"https:\/\/secure.gravatar.com\/avatar\/3d803d18cdb5a1db2274ca8b70bbe7472904a87351b597517069cf4d63491d34?s=96&d=mm&r=g","url":"https:\/\/secure.gravatar.com\/avatar\/3d803d18cdb5a1db2274ca8b70bbe7472904a87351b597517069cf4d63491d34?s=96&d=mm&r=g","contentUrl":"https:\/\/secure.gravatar.com\/avatar\/3d803d18cdb5a1db2274ca8b70bbe7472904a87351b597517069cf4d63491d34?s=96&d=mm&r=g","caption":"Jasmine.Tramarin"}}]}},"_links":{"self":[{"href":"https:\/\/www.zhermack.com\/it\/wp-json\/wp\/v2\/posts\/46252","targetHints":{"allow":["GET"]}}],"collection":[{"href":"https:\/\/www.zhermack.com\/it\/wp-json\/wp\/v2\/posts"}],"about":[{"href":"https:\/\/www.zhermack.com\/it\/wp-json\/wp\/v2\/types\/post"}],"author":[{"embeddable":true,"href":"https:\/\/www.zhermack.com\/it\/wp-json\/wp\/v2\/users\/20"}],"replies":[{"embeddable":true,"href":"https:\/\/www.zhermack.com\/it\/wp-json\/wp\/v2\/comments?post=46252"}],"version-history":[{"count":0,"href":"https:\/\/www.zhermack.com\/it\/wp-json\/wp\/v2\/posts\/46252\/revisions"}],"wp:featuredmedia":[{"embeddable":true,"href":"https:\/\/www.zhermack.com\/it\/wp-json\/wp\/v2\/media\/46253"}],"wp:attachment":[{"href":"https:\/\/www.zhermack.com\/it\/wp-json\/wp\/v2\/media?parent=46252"}],"wp:term":[{"taxonomy":"category","embeddable":true,"href":"https:\/\/www.zhermack.com\/it\/wp-json\/wp\/v2\/categories?post=46252"},{"taxonomy":"post_tag","embeddable":true,"href":"https:\/\/www.zhermack.com\/it\/wp-json\/wp\/v2\/tags?post=46252"}],"curies":[{"name":"wp","href":"https:\/\/api.w.org\/{rel}","templated":true}]}}