{"id":31723,"date":"2019-12-19T10:21:12","date_gmt":"2019-12-19T09:21:12","guid":{"rendered":"https:\/\/www.zhermack.com\/?p=31723"},"modified":"2019-12-19T11:23:24","modified_gmt":"2019-12-19T10:23:24","slug":"il-natale-di-zhermack-ha-un-destinatario-speciale-il-sociale","status":"publish","type":"post","link":"https:\/\/www.zhermack.com\/it\/azienda_news_it\/il-natale-di-zhermack-ha-un-destinatario-speciale-il-sociale\/","title":{"rendered":"Il Natale di Zhermack ha un destinatario speciale: il Sociale"},"content":{"rendered":"\n<p> \u201cZhermack \u00e8 una realt\u00e0 forte di questo territorio, consapevole di avere un ruolo sociale e non solo economico. Solidi principi e valori etici guidano le Nostre scelte e ci portano ad essere sempre in ascolto dei vari Enti locali che operano a sostegno delle fasce pi\u00f9 deboli della societ\u00e0\u201d \u2013 afferma l\u2019Ingegner Paolo Ambrosini, General Manager di Zhermack.<br> &#8220;Vogliamo essere un aiuto concreto per tutte le lodevoli iniziative locali che si adoperano per dare risposte concrete a chi vive la diversit\u00e0 e il disagio sociale. Per questo \u00e8 con grande soddisfazione che confermo, anche per il Natale 2019, la decisione di devolvere in beneficenza l\u2019intero controvalore dei regali aziendali. Quest\u2019anno poi l\u2019azienda pu\u00f2 ampliare la solidariet\u00e0 grazie alla vendita di piccoli utensili in disuso e alla donazione di attrezzature ad uso dentario\u201d.<br>Per il sesto anno consecutivo, Zhermack devolve in beneficenza il controvalore delle strenne natalizie di dipendenti, clienti e fornitori. La donazione per continuit\u00e0 con gli anni passati andr\u00e0 a favore di due progetti operanti in ambiti diversi dell\u2019integrazione sociale.<br>Il primo progetto \u00e8 un <strong>fondo per il sostegno alle famiglie in difficolt\u00e0<\/strong>, che Zhermack ha creato con la collaborazione con l\u2019Assessorato alle Politiche Sociali del Comune di Badia Polesine. La disponibilit\u00e0 di questo fondo ha permesso all\u2019Ufficio Servizi Sociali di rispondere in modo immediato alle emergenze economiche di situazioni di indigenza, quali pensionati soli, anziani che rischiano di perdere la casa e coppie giovani con bambini piccoli che faticano ad acquistare medicinali o generi alimentari.<br> La seconda iniziativa \u00e8 l\u2019<strong>Accademia delle disabilit\u00e0<\/strong>, un servizio istituito dall\u2019Associazione Uguali Diversamente. L\u2019Accademia, che ad oggi sostiene circa venti famiglie, ha l\u2019obiettivo di mettere bambini e ragazzi con disturbi del neuro sviluppo in condizione di adattarsi a nuovi ambienti e situazioni sociali proponendo attivit\u00e0 in contesti diversi, protetti e progettati per l\u2019arricchimento cognitivo e comunicazionale. Il personale \u00e8 formato da educatori specializzati, pedagogisti, esperti di comunicazione e operatori sociosanitari con pluriennale esperienza nel settore della disabilit\u00e0.<br> Grazie alla somma ricavata dalla vendita di piccole utensili, Zhermack ha potuto dare un contributo anche al <strong>progetto di accoglienza dell\u2019Associazione La Tenda onlus<\/strong>, sita a Lendinara, che attiva programmi di protezione e integrazione sociale verso giovani donne straniere vittime di tratta, sfruttamento e violenza. Dal 2001 ad oggi sono stati gestiti pi\u00f9 di 170 casi.<br>La scuola, come luogo di formazione e educazione delle nuove generazioni, ha per Zhermack un ruolo fondamentale nello sviluppo della persona e nel miglioramento della societ\u00e0. L\u2019Azienda ha deciso quindi di donare alcune apparecchiature ad uso dentale per le attivit\u00e0 di studio ed esercitazione degli studenti del Settore Servizi Indirizzo Odontotecnico dell\u2019Istituto di Istruzione Superiore \u201cCristoforo Colombo\u201d di Adria.<br> \u201cCome General Manager di Zhermack \u00e8 per me motivo di grande orgoglio poter contribuire concretamente a questi progetti e svolgere un ruolo attivo nella costruzione del benessere della nostra comunit\u00e0. Con responsabilit\u00e0 e seriet\u00e0 portiamo avanti una politica aziendale che integra nel suo business una sostenibilit\u00e0 di medio e lungo periodo con l\u2019obiettivo di creare valore all\u2019interno della nostra societ\u00e0\u201d conclude l\u2019Ing. Ambrosini. <\/p>\n\n\n\n<p><\/p>\n\n\n\n<p><\/p>\n","protected":false},"excerpt":{"rendered":"<p>\u201cZhermack \u00e8 una realt\u00e0 forte di questo territorio, consapevole di avere un ruolo sociale e non solo economico. Solidi principi e valori etici guidano le Nostre scelte e ci portano ad essere sempre in ascolto dei vari Enti locali che operano a sostegno delle fasce pi\u00f9 deboli della societ\u00e0\u201d \u2013 afferma l\u2019Ingegner Paolo Ambrosini, General [&hellip;]<\/p>\n","protected":false},"author":20,"featured_media":31714,"comment_status":"closed","ping_status":"closed","sticky":false,"template":"","format":"standard","meta":{"_acf_changed":false,"rs_blank_template":"","rs_page_bg_color":"","slide_template_v7":"","footnotes":""},"categories":[312,310],"tags":[],"class_list":["post-31723","post","type-post","status-publish","format-standard","has-post-thumbnail","hentry","category-azienda_news_it","category-eventi_it"],"acf":[],"yoast_head":"<!-- This site is optimized with the Yoast SEO plugin v27.3 - https:\/\/yoast.com\/product\/yoast-seo-wordpress\/ -->\n<title>Il Natale di Zhermack ha un destinatario speciale: il Sociale - Zhermack<\/title>\n<meta name=\"robots\" content=\"index, follow, max-snippet:-1, max-image-preview:large, max-video-preview:-1\" \/>\n<link rel=\"canonical\" href=\"https:\/\/www.zhermack.com\/it\/azienda_news_it\/il-natale-di-zhermack-ha-un-destinatario-speciale-il-sociale\/\" \/>\n<meta property=\"og:locale\" content=\"it_IT\" \/>\n<meta property=\"og:type\" content=\"article\" \/>\n<meta property=\"og:title\" content=\"Il Natale di Zhermack ha un destinatario speciale: il Sociale - Zhermack\" \/>\n<meta property=\"og:description\" content=\"\u201cZhermack \u00e8 una realt\u00e0 forte di questo territorio, consapevole di avere un ruolo sociale e non solo economico. Solidi principi e valori etici guidano le Nostre scelte e ci portano ad essere sempre in ascolto dei vari Enti locali che operano a sostegno delle fasce pi\u00f9 deboli della societ\u00e0\u201d \u2013 afferma l\u2019Ingegner Paolo Ambrosini, General [&hellip;]\" \/>\n<meta property=\"og:url\" content=\"https:\/\/www.zhermack.com\/it\/azienda_news_it\/il-natale-di-zhermack-ha-un-destinatario-speciale-il-sociale\/\" \/>\n<meta property=\"og:site_name\" content=\"Zhermack\" \/>\n<meta property=\"article:published_time\" content=\"2019-12-19T09:21:12+00:00\" \/>\n<meta property=\"article:modified_time\" content=\"2019-12-19T10:23:24+00:00\" \/>\n<meta property=\"og:image\" content=\"https:\/\/www.zhermack.com\/public\/uploads\/P1010093-1024x768.jpg\" \/>\n\t<meta property=\"og:image:width\" content=\"1024\" \/>\n\t<meta property=\"og:image:height\" content=\"768\" \/>\n\t<meta property=\"og:image:type\" content=\"image\/jpeg\" \/>\n<meta name=\"author\" content=\"Jasmine.Tramarin\" \/>\n<meta name=\"twitter:card\" content=\"summary_large_image\" \/>\n<meta name=\"twitter:label1\" content=\"Scritto da\" \/>\n\t<meta name=\"twitter:data1\" content=\"Jasmine.Tramarin\" \/>\n\t<meta name=\"twitter:label2\" content=\"Tempo di lettura stimato\" \/>\n\t<meta name=\"twitter:data2\" content=\"3 minuti\" \/>\n<script type=\"application\/ld+json\" class=\"yoast-schema-graph\">{\"@context\":\"https:\\\/\\\/schema.org\",\"@graph\":[{\"@type\":\"Article\",\"@id\":\"https:\\\/\\\/www.zhermack.com\\\/it\\\/azienda_news_it\\\/il-natale-di-zhermack-ha-un-destinatario-speciale-il-sociale\\\/#article\",\"isPartOf\":{\"@id\":\"https:\\\/\\\/www.zhermack.com\\\/it\\\/azienda_news_it\\\/il-natale-di-zhermack-ha-un-destinatario-speciale-il-sociale\\\/\"},\"author\":{\"name\":\"Jasmine.Tramarin\",\"@id\":\"https:\\\/\\\/www.zhermack.com\\\/it\\\/#\\\/schema\\\/person\\\/3e6507da547ec95e60ff3edb8d2909ad\"},\"headline\":\"Il Natale di Zhermack ha un destinatario speciale: il Sociale\",\"datePublished\":\"2019-12-19T09:21:12+00:00\",\"dateModified\":\"2019-12-19T10:23:24+00:00\",\"mainEntityOfPage\":{\"@id\":\"https:\\\/\\\/www.zhermack.com\\\/it\\\/azienda_news_it\\\/il-natale-di-zhermack-ha-un-destinatario-speciale-il-sociale\\\/\"},\"wordCount\":520,\"publisher\":{\"@id\":\"https:\\\/\\\/www.zhermack.com\\\/it\\\/#organization\"},\"image\":{\"@id\":\"https:\\\/\\\/www.zhermack.com\\\/it\\\/azienda_news_it\\\/il-natale-di-zhermack-ha-un-destinatario-speciale-il-sociale\\\/#primaryimage\"},\"thumbnailUrl\":\"\\\/public\\\/uploads\\\/P1010093.jpg\",\"articleSection\":[\"News Azienda\",\"News Eventi\"],\"inLanguage\":\"it-IT\"},{\"@type\":\"WebPage\",\"@id\":\"https:\\\/\\\/www.zhermack.com\\\/it\\\/azienda_news_it\\\/il-natale-di-zhermack-ha-un-destinatario-speciale-il-sociale\\\/\",\"url\":\"https:\\\/\\\/www.zhermack.com\\\/it\\\/azienda_news_it\\\/il-natale-di-zhermack-ha-un-destinatario-speciale-il-sociale\\\/\",\"name\":\"Il Natale di Zhermack ha un destinatario speciale: il Sociale - Zhermack\",\"isPartOf\":{\"@id\":\"https:\\\/\\\/www.zhermack.com\\\/it\\\/#website\"},\"primaryImageOfPage\":{\"@id\":\"https:\\\/\\\/www.zhermack.com\\\/it\\\/azienda_news_it\\\/il-natale-di-zhermack-ha-un-destinatario-speciale-il-sociale\\\/#primaryimage\"},\"image\":{\"@id\":\"https:\\\/\\\/www.zhermack.com\\\/it\\\/azienda_news_it\\\/il-natale-di-zhermack-ha-un-destinatario-speciale-il-sociale\\\/#primaryimage\"},\"thumbnailUrl\":\"\\\/public\\\/uploads\\\/P1010093.jpg\",\"datePublished\":\"2019-12-19T09:21:12+00:00\",\"dateModified\":\"2019-12-19T10:23:24+00:00\",\"breadcrumb\":{\"@id\":\"https:\\\/\\\/www.zhermack.com\\\/it\\\/azienda_news_it\\\/il-natale-di-zhermack-ha-un-destinatario-speciale-il-sociale\\\/#breadcrumb\"},\"inLanguage\":\"it-IT\",\"potentialAction\":[{\"@type\":\"ReadAction\",\"target\":[\"https:\\\/\\\/www.zhermack.com\\\/it\\\/azienda_news_it\\\/il-natale-di-zhermack-ha-un-destinatario-speciale-il-sociale\\\/\"]}]},{\"@type\":\"ImageObject\",\"inLanguage\":\"it-IT\",\"@id\":\"https:\\\/\\\/www.zhermack.com\\\/it\\\/azienda_news_it\\\/il-natale-di-zhermack-ha-un-destinatario-speciale-il-sociale\\\/#primaryimage\",\"url\":\"\\\/public\\\/uploads\\\/P1010093.jpg\",\"contentUrl\":\"\\\/public\\\/uploads\\\/P1010093.jpg\",\"width\":2560,\"height\":1920,\"caption\":\"OLYMPUS DIGITAL CAMERA\"},{\"@type\":\"BreadcrumbList\",\"@id\":\"https:\\\/\\\/www.zhermack.com\\\/it\\\/azienda_news_it\\\/il-natale-di-zhermack-ha-un-destinatario-speciale-il-sociale\\\/#breadcrumb\",\"itemListElement\":[{\"@type\":\"ListItem\",\"position\":1,\"name\":\"Home\",\"item\":\"https:\\\/\\\/www.zhermack.com\\\/it\\\/\"},{\"@type\":\"ListItem\",\"position\":2,\"name\":\"Il Natale di Zhermack ha un destinatario speciale: il Sociale\"}]},{\"@type\":\"WebSite\",\"@id\":\"https:\\\/\\\/www.zhermack.com\\\/it\\\/#website\",\"url\":\"https:\\\/\\\/www.zhermack.com\\\/it\\\/\",\"name\":\"Zhermack\",\"description\":\"\",\"publisher\":{\"@id\":\"https:\\\/\\\/www.zhermack.com\\\/it\\\/#organization\"},\"potentialAction\":[{\"@type\":\"SearchAction\",\"target\":{\"@type\":\"EntryPoint\",\"urlTemplate\":\"https:\\\/\\\/www.zhermack.com\\\/it\\\/?s={search_term_string}\"},\"query-input\":{\"@type\":\"PropertyValueSpecification\",\"valueRequired\":true,\"valueName\":\"search_term_string\"}}],\"inLanguage\":\"it-IT\"},{\"@type\":\"Organization\",\"@id\":\"https:\\\/\\\/www.zhermack.com\\\/it\\\/#organization\",\"name\":\"zhermack\",\"url\":\"https:\\\/\\\/www.zhermack.com\\\/it\\\/\",\"logo\":{\"@type\":\"ImageObject\",\"inLanguage\":\"it-IT\",\"@id\":\"https:\\\/\\\/www.zhermack.com\\\/it\\\/#\\\/schema\\\/logo\\\/image\\\/\",\"url\":\"\\\/public\\\/uploads\\\/logo-1.png\",\"contentUrl\":\"\\\/public\\\/uploads\\\/logo-1.png\",\"width\":284,\"height\":37,\"caption\":\"zhermack\"},\"image\":{\"@id\":\"https:\\\/\\\/www.zhermack.com\\\/it\\\/#\\\/schema\\\/logo\\\/image\\\/\"}},{\"@type\":\"Person\",\"@id\":\"https:\\\/\\\/www.zhermack.com\\\/it\\\/#\\\/schema\\\/person\\\/3e6507da547ec95e60ff3edb8d2909ad\",\"name\":\"Jasmine.Tramarin\",\"image\":{\"@type\":\"ImageObject\",\"inLanguage\":\"it-IT\",\"@id\":\"https:\\\/\\\/secure.gravatar.com\\\/avatar\\\/3d803d18cdb5a1db2274ca8b70bbe7472904a87351b597517069cf4d63491d34?s=96&d=mm&r=g\",\"url\":\"https:\\\/\\\/secure.gravatar.com\\\/avatar\\\/3d803d18cdb5a1db2274ca8b70bbe7472904a87351b597517069cf4d63491d34?s=96&d=mm&r=g\",\"contentUrl\":\"https:\\\/\\\/secure.gravatar.com\\\/avatar\\\/3d803d18cdb5a1db2274ca8b70bbe7472904a87351b597517069cf4d63491d34?s=96&d=mm&r=g\",\"caption\":\"Jasmine.Tramarin\"}}]}<\/script>\n<!-- \/ Yoast SEO plugin. -->","yoast_head_json":{"title":"Il Natale di Zhermack ha un destinatario speciale: il Sociale - Zhermack","robots":{"index":"index","follow":"follow","max-snippet":"max-snippet:-1","max-image-preview":"max-image-preview:large","max-video-preview":"max-video-preview:-1"},"canonical":"https:\/\/www.zhermack.com\/it\/azienda_news_it\/il-natale-di-zhermack-ha-un-destinatario-speciale-il-sociale\/","og_locale":"it_IT","og_type":"article","og_title":"Il Natale di Zhermack ha un destinatario speciale: il Sociale - Zhermack","og_description":"\u201cZhermack \u00e8 una realt\u00e0 forte di questo territorio, consapevole di avere un ruolo sociale e non solo economico. Solidi principi e valori etici guidano le Nostre scelte e ci portano ad essere sempre in ascolto dei vari Enti locali che operano a sostegno delle fasce pi\u00f9 deboli della societ\u00e0\u201d \u2013 afferma l\u2019Ingegner Paolo Ambrosini, General [&hellip;]","og_url":"https:\/\/www.zhermack.com\/it\/azienda_news_it\/il-natale-di-zhermack-ha-un-destinatario-speciale-il-sociale\/","og_site_name":"Zhermack","article_published_time":"2019-12-19T09:21:12+00:00","article_modified_time":"2019-12-19T10:23:24+00:00","og_image":[{"width":1024,"height":768,"url":"https:\/\/www.zhermack.com\/public\/uploads\/P1010093-1024x768.jpg","type":"image\/jpeg"}],"author":"Jasmine.Tramarin","twitter_card":"summary_large_image","twitter_misc":{"Scritto da":"Jasmine.Tramarin","Tempo di lettura stimato":"3 minuti"},"schema":{"@context":"https:\/\/schema.org","@graph":[{"@type":"Article","@id":"https:\/\/www.zhermack.com\/it\/azienda_news_it\/il-natale-di-zhermack-ha-un-destinatario-speciale-il-sociale\/#article","isPartOf":{"@id":"https:\/\/www.zhermack.com\/it\/azienda_news_it\/il-natale-di-zhermack-ha-un-destinatario-speciale-il-sociale\/"},"author":{"name":"Jasmine.Tramarin","@id":"https:\/\/www.zhermack.com\/it\/#\/schema\/person\/3e6507da547ec95e60ff3edb8d2909ad"},"headline":"Il Natale di Zhermack ha un destinatario speciale: il Sociale","datePublished":"2019-12-19T09:21:12+00:00","dateModified":"2019-12-19T10:23:24+00:00","mainEntityOfPage":{"@id":"https:\/\/www.zhermack.com\/it\/azienda_news_it\/il-natale-di-zhermack-ha-un-destinatario-speciale-il-sociale\/"},"wordCount":520,"publisher":{"@id":"https:\/\/www.zhermack.com\/it\/#organization"},"image":{"@id":"https:\/\/www.zhermack.com\/it\/azienda_news_it\/il-natale-di-zhermack-ha-un-destinatario-speciale-il-sociale\/#primaryimage"},"thumbnailUrl":"\/public\/uploads\/P1010093.jpg","articleSection":["News Azienda","News Eventi"],"inLanguage":"it-IT"},{"@type":"WebPage","@id":"https:\/\/www.zhermack.com\/it\/azienda_news_it\/il-natale-di-zhermack-ha-un-destinatario-speciale-il-sociale\/","url":"https:\/\/www.zhermack.com\/it\/azienda_news_it\/il-natale-di-zhermack-ha-un-destinatario-speciale-il-sociale\/","name":"Il Natale di Zhermack ha un destinatario speciale: il Sociale - Zhermack","isPartOf":{"@id":"https:\/\/www.zhermack.com\/it\/#website"},"primaryImageOfPage":{"@id":"https:\/\/www.zhermack.com\/it\/azienda_news_it\/il-natale-di-zhermack-ha-un-destinatario-speciale-il-sociale\/#primaryimage"},"image":{"@id":"https:\/\/www.zhermack.com\/it\/azienda_news_it\/il-natale-di-zhermack-ha-un-destinatario-speciale-il-sociale\/#primaryimage"},"thumbnailUrl":"\/public\/uploads\/P1010093.jpg","datePublished":"2019-12-19T09:21:12+00:00","dateModified":"2019-12-19T10:23:24+00:00","breadcrumb":{"@id":"https:\/\/www.zhermack.com\/it\/azienda_news_it\/il-natale-di-zhermack-ha-un-destinatario-speciale-il-sociale\/#breadcrumb"},"inLanguage":"it-IT","potentialAction":[{"@type":"ReadAction","target":["https:\/\/www.zhermack.com\/it\/azienda_news_it\/il-natale-di-zhermack-ha-un-destinatario-speciale-il-sociale\/"]}]},{"@type":"ImageObject","inLanguage":"it-IT","@id":"https:\/\/www.zhermack.com\/it\/azienda_news_it\/il-natale-di-zhermack-ha-un-destinatario-speciale-il-sociale\/#primaryimage","url":"\/public\/uploads\/P1010093.jpg","contentUrl":"\/public\/uploads\/P1010093.jpg","width":2560,"height":1920,"caption":"OLYMPUS DIGITAL CAMERA"},{"@type":"BreadcrumbList","@id":"https:\/\/www.zhermack.com\/it\/azienda_news_it\/il-natale-di-zhermack-ha-un-destinatario-speciale-il-sociale\/#breadcrumb","itemListElement":[{"@type":"ListItem","position":1,"name":"Home","item":"https:\/\/www.zhermack.com\/it\/"},{"@type":"ListItem","position":2,"name":"Il Natale di Zhermack ha un destinatario speciale: il Sociale"}]},{"@type":"WebSite","@id":"https:\/\/www.zhermack.com\/it\/#website","url":"https:\/\/www.zhermack.com\/it\/","name":"Zhermack","description":"","publisher":{"@id":"https:\/\/www.zhermack.com\/it\/#organization"},"potentialAction":[{"@type":"SearchAction","target":{"@type":"EntryPoint","urlTemplate":"https:\/\/www.zhermack.com\/it\/?s={search_term_string}"},"query-input":{"@type":"PropertyValueSpecification","valueRequired":true,"valueName":"search_term_string"}}],"inLanguage":"it-IT"},{"@type":"Organization","@id":"https:\/\/www.zhermack.com\/it\/#organization","name":"zhermack","url":"https:\/\/www.zhermack.com\/it\/","logo":{"@type":"ImageObject","inLanguage":"it-IT","@id":"https:\/\/www.zhermack.com\/it\/#\/schema\/logo\/image\/","url":"\/public\/uploads\/logo-1.png","contentUrl":"\/public\/uploads\/logo-1.png","width":284,"height":37,"caption":"zhermack"},"image":{"@id":"https:\/\/www.zhermack.com\/it\/#\/schema\/logo\/image\/"}},{"@type":"Person","@id":"https:\/\/www.zhermack.com\/it\/#\/schema\/person\/3e6507da547ec95e60ff3edb8d2909ad","name":"Jasmine.Tramarin","image":{"@type":"ImageObject","inLanguage":"it-IT","@id":"https:\/\/secure.gravatar.com\/avatar\/3d803d18cdb5a1db2274ca8b70bbe7472904a87351b597517069cf4d63491d34?s=96&d=mm&r=g","url":"https:\/\/secure.gravatar.com\/avatar\/3d803d18cdb5a1db2274ca8b70bbe7472904a87351b597517069cf4d63491d34?s=96&d=mm&r=g","contentUrl":"https:\/\/secure.gravatar.com\/avatar\/3d803d18cdb5a1db2274ca8b70bbe7472904a87351b597517069cf4d63491d34?s=96&d=mm&r=g","caption":"Jasmine.Tramarin"}}]}},"_links":{"self":[{"href":"https:\/\/www.zhermack.com\/it\/wp-json\/wp\/v2\/posts\/31723","targetHints":{"allow":["GET"]}}],"collection":[{"href":"https:\/\/www.zhermack.com\/it\/wp-json\/wp\/v2\/posts"}],"about":[{"href":"https:\/\/www.zhermack.com\/it\/wp-json\/wp\/v2\/types\/post"}],"author":[{"embeddable":true,"href":"https:\/\/www.zhermack.com\/it\/wp-json\/wp\/v2\/users\/20"}],"replies":[{"embeddable":true,"href":"https:\/\/www.zhermack.com\/it\/wp-json\/wp\/v2\/comments?post=31723"}],"version-history":[{"count":0,"href":"https:\/\/www.zhermack.com\/it\/wp-json\/wp\/v2\/posts\/31723\/revisions"}],"wp:featuredmedia":[{"embeddable":true,"href":"https:\/\/www.zhermack.com\/it\/wp-json\/wp\/v2\/media\/31714"}],"wp:attachment":[{"href":"https:\/\/www.zhermack.com\/it\/wp-json\/wp\/v2\/media?parent=31723"}],"wp:term":[{"taxonomy":"category","embeddable":true,"href":"https:\/\/www.zhermack.com\/it\/wp-json\/wp\/v2\/categories?post=31723"},{"taxonomy":"post_tag","embeddable":true,"href":"https:\/\/www.zhermack.com\/it\/wp-json\/wp\/v2\/tags?post=31723"}],"curies":[{"name":"wp","href":"https:\/\/api.w.org\/{rel}","templated":true}]}}