{"id":45113,"date":"2023-05-15T13:55:19","date_gmt":"2023-05-15T11:55:19","guid":{"rendered":"https:\/\/www.zhermack.com\/nouveautes-entreprise\/from-knowledge-to-competence-conference-by-andi-teramo\/"},"modified":"2023-05-25T08:45:30","modified_gmt":"2023-05-25T06:45:30","slug":"from-knowledge-to-competence-conference-by-andi-teramo","status":"publish","type":"post","link":"https:\/\/www.zhermack.com\/fr\/nouveautes-evenements\/from-knowledge-to-competence-conference-by-andi-teramo\/","title":{"rendered":"\u00ab\u00a0From Knowledge to Competence\u00a0\u00bb, conference by Andi Teramo"},"content":{"rendered":"\n<p>The conference \u00ab\u00a0From Knowledge to Competence\u00a0\u00bb, promoted by Andi Teramo, will take place in Teramo, Friday, October 6th, 2023.<\/p>\n\n\n\n<p><br>The event aims to highlight the history of the dental profession, which is undergoing major changes due to digitalization. The Doctors Renato Rasicci and Loris Prosper, together with the Dental Technician Tonino D&rsquo;Alicandro, will talk on this topic, that nowadays is more and more current. Future perspectives and clinical experiences will be discussed, including considerations on the past of dentistry.<\/p>\n\n\n\n<p><br>The event will take place in the Multipurpose Hall of the Province of Teramo, starting at 21.<\/p>\n\n\n\n<figure class=\"wp-block-image size-large\"><img decoding=\"async\" width=\"714\" height=\"1024\" data-src=\"\/public\/uploads\/\/Convegno-Andi-Teramo-714x1024.png\" alt=\"\" class=\"wp-image-44580 lazyload\" data-srcset=\"\/public\/uploads\/Convegno-Andi-Teramo-714x1024.png 714w, \/public\/uploads\/Convegno-Andi-Teramo-209x300.png 209w, \/public\/uploads\/Convegno-Andi-Teramo-768x1101.png 768w, \/public\/uploads\/Convegno-Andi-Teramo-1071x1536.png 1071w, \/public\/uploads\/Convegno-Andi-Teramo-35x50.png 35w, \/public\/uploads\/Convegno-Andi-Teramo.png 1264w\" data-sizes=\"(max-width: 714px) 100vw, 714px\" src=\"data:image\/svg+xml;base64,PHN2ZyB3aWR0aD0iMSIgaGVpZ2h0PSIxIiB4bWxucz0iaHR0cDovL3d3dy53My5vcmcvMjAwMC9zdmciPjwvc3ZnPg==\" style=\"--smush-placeholder-width: 714px; --smush-placeholder-aspect-ratio: 714\/1024;\" \/><\/figure>\n","protected":false},"excerpt":{"rendered":"<p>The conference \u00ab\u00a0From Knowledge to Competence\u00a0\u00bb, promoted by Andi Teramo, will take place in Teramo, Friday, October 6th, 2023. The event aims to highlight the history of the dental profession, which is undergoing major changes due to digitalization. The Doctors Renato Rasicci and Loris Prosper, together with the Dental Technician Tonino D&rsquo;Alicandro, will talk on [&hellip;]<\/p>\n","protected":false},"author":20,"featured_media":44596,"comment_status":"closed","ping_status":"closed","sticky":false,"template":"","format":"standard","meta":{"_acf_changed":false,"rs_blank_template":"","rs_page_bg_color":"","slide_template_v7":"","footnotes":""},"categories":[321,706],"tags":[1048],"class_list":["post-45113","post","type-post","status-publish","format-standard","has-post-thumbnail","hentry","category-nouveautes-entreprise","category-nouveautes-evenements","tag-dentistry-fr"],"acf":[],"yoast_head":"<!-- This site is optimized with the Yoast SEO plugin v27.3 - https:\/\/yoast.com\/product\/yoast-seo-wordpress\/ -->\n<title>&quot;From Knowledge to Competence&quot;, conference by Andi Teramo<\/title>\n<meta name=\"description\" content=\"The conference &quot;From Knowledge to Competence&quot;, promoted by Andi Teramo, will take place in Teramo, Friday, October 6th, 2023.\" \/>\n<meta name=\"robots\" content=\"index, follow, max-snippet:-1, max-image-preview:large, max-video-preview:-1\" \/>\n<link rel=\"canonical\" href=\"https:\/\/www.zhermack.com\/fr\/nouveautes-evenements\/from-knowledge-to-competence-conference-by-andi-teramo\/\" \/>\n<meta property=\"og:locale\" content=\"fr_FR\" \/>\n<meta property=\"og:type\" content=\"article\" \/>\n<meta property=\"og:title\" content=\"&quot;From Knowledge to Competence&quot;, conference by Andi Teramo\" \/>\n<meta property=\"og:description\" content=\"The conference &quot;From Knowledge to Competence&quot;, promoted by Andi Teramo, will take place in Teramo, Friday, October 6th, 2023.\" \/>\n<meta property=\"og:url\" content=\"https:\/\/www.zhermack.com\/fr\/nouveautes-evenements\/from-knowledge-to-competence-conference-by-andi-teramo\/\" \/>\n<meta property=\"og:site_name\" content=\"Zhermack\" \/>\n<meta property=\"article:published_time\" content=\"2023-05-15T11:55:19+00:00\" \/>\n<meta property=\"article:modified_time\" content=\"2023-05-25T06:45:30+00:00\" \/>\n<meta property=\"og:image\" content=\"https:\/\/www.zhermack.com\/public\/uploads\/Andi-Teramo.jpg\" \/>\n\t<meta property=\"og:image:width\" content=\"200\" \/>\n\t<meta property=\"og:image:height\" content=\"150\" \/>\n\t<meta property=\"og:image:type\" content=\"image\/jpeg\" \/>\n<meta name=\"author\" content=\"Jasmine.Tramarin\" \/>\n<meta name=\"twitter:card\" content=\"summary_large_image\" \/>\n<meta name=\"twitter:label1\" content=\"\u00c9crit par\" \/>\n\t<meta name=\"twitter:data1\" content=\"Jasmine.Tramarin\" \/>\n\t<meta name=\"twitter:label2\" content=\"Dur\u00e9e de lecture estim\u00e9e\" \/>\n\t<meta name=\"twitter:data2\" content=\"1 minute\" \/>\n<script type=\"application\/ld+json\" class=\"yoast-schema-graph\">{\"@context\":\"https:\\\/\\\/schema.org\",\"@graph\":[{\"@type\":\"Article\",\"@id\":\"https:\\\/\\\/www.zhermack.com\\\/fr\\\/nouveautes-evenements\\\/from-knowledge-to-competence-conference-by-andi-teramo\\\/#article\",\"isPartOf\":{\"@id\":\"https:\\\/\\\/www.zhermack.com\\\/fr\\\/nouveautes-evenements\\\/from-knowledge-to-competence-conference-by-andi-teramo\\\/\"},\"author\":{\"name\":\"Jasmine.Tramarin\",\"@id\":\"https:\\\/\\\/www.zhermack.com\\\/fr\\\/#\\\/schema\\\/person\\\/3e6507da547ec95e60ff3edb8d2909ad\"},\"headline\":\"\u00ab\u00a0From Knowledge to Competence\u00a0\u00bb, conference by Andi Teramo\",\"datePublished\":\"2023-05-15T11:55:19+00:00\",\"dateModified\":\"2023-05-25T06:45:30+00:00\",\"mainEntityOfPage\":{\"@id\":\"https:\\\/\\\/www.zhermack.com\\\/fr\\\/nouveautes-evenements\\\/from-knowledge-to-competence-conference-by-andi-teramo\\\/\"},\"wordCount\":103,\"publisher\":{\"@id\":\"https:\\\/\\\/www.zhermack.com\\\/fr\\\/#organization\"},\"image\":{\"@id\":\"https:\\\/\\\/www.zhermack.com\\\/fr\\\/nouveautes-evenements\\\/from-knowledge-to-competence-conference-by-andi-teramo\\\/#primaryimage\"},\"thumbnailUrl\":\"\\\/public\\\/uploads\\\/Andi-Teramo.jpg\",\"keywords\":[\"dentistry\"],\"articleSection\":[\"Nouveaut\u00e9s Entreprise\",\"Nouveaut\u00e9s \u00c9v\u00e9nements\"],\"inLanguage\":\"fr-FR\"},{\"@type\":\"WebPage\",\"@id\":\"https:\\\/\\\/www.zhermack.com\\\/fr\\\/nouveautes-evenements\\\/from-knowledge-to-competence-conference-by-andi-teramo\\\/\",\"url\":\"https:\\\/\\\/www.zhermack.com\\\/fr\\\/nouveautes-evenements\\\/from-knowledge-to-competence-conference-by-andi-teramo\\\/\",\"name\":\"\\\"From Knowledge to Competence\\\", conference by Andi Teramo\",\"isPartOf\":{\"@id\":\"https:\\\/\\\/www.zhermack.com\\\/fr\\\/#website\"},\"primaryImageOfPage\":{\"@id\":\"https:\\\/\\\/www.zhermack.com\\\/fr\\\/nouveautes-evenements\\\/from-knowledge-to-competence-conference-by-andi-teramo\\\/#primaryimage\"},\"image\":{\"@id\":\"https:\\\/\\\/www.zhermack.com\\\/fr\\\/nouveautes-evenements\\\/from-knowledge-to-competence-conference-by-andi-teramo\\\/#primaryimage\"},\"thumbnailUrl\":\"\\\/public\\\/uploads\\\/Andi-Teramo.jpg\",\"datePublished\":\"2023-05-15T11:55:19+00:00\",\"dateModified\":\"2023-05-25T06:45:30+00:00\",\"description\":\"The conference \\\"From Knowledge to Competence\\\", promoted by Andi Teramo, will take place in Teramo, Friday, October 6th, 2023.\",\"breadcrumb\":{\"@id\":\"https:\\\/\\\/www.zhermack.com\\\/fr\\\/nouveautes-evenements\\\/from-knowledge-to-competence-conference-by-andi-teramo\\\/#breadcrumb\"},\"inLanguage\":\"fr-FR\",\"potentialAction\":[{\"@type\":\"ReadAction\",\"target\":[\"https:\\\/\\\/www.zhermack.com\\\/fr\\\/nouveautes-evenements\\\/from-knowledge-to-competence-conference-by-andi-teramo\\\/\"]}]},{\"@type\":\"ImageObject\",\"inLanguage\":\"fr-FR\",\"@id\":\"https:\\\/\\\/www.zhermack.com\\\/fr\\\/nouveautes-evenements\\\/from-knowledge-to-competence-conference-by-andi-teramo\\\/#primaryimage\",\"url\":\"\\\/public\\\/uploads\\\/Andi-Teramo.jpg\",\"contentUrl\":\"\\\/public\\\/uploads\\\/Andi-Teramo.jpg\",\"width\":200,\"height\":150,\"caption\":\"Andi Teramo\"},{\"@type\":\"BreadcrumbList\",\"@id\":\"https:\\\/\\\/www.zhermack.com\\\/fr\\\/nouveautes-evenements\\\/from-knowledge-to-competence-conference-by-andi-teramo\\\/#breadcrumb\",\"itemListElement\":[{\"@type\":\"ListItem\",\"position\":1,\"name\":\"Home\",\"item\":\"https:\\\/\\\/www.zhermack.com\\\/fr\\\/\"},{\"@type\":\"ListItem\",\"position\":2,\"name\":\"\u00ab\u00a0From Knowledge to Competence\u00a0\u00bb, conference by Andi Teramo\"}]},{\"@type\":\"WebSite\",\"@id\":\"https:\\\/\\\/www.zhermack.com\\\/fr\\\/#website\",\"url\":\"https:\\\/\\\/www.zhermack.com\\\/fr\\\/\",\"name\":\"Zhermack\",\"description\":\"\",\"publisher\":{\"@id\":\"https:\\\/\\\/www.zhermack.com\\\/fr\\\/#organization\"},\"potentialAction\":[{\"@type\":\"SearchAction\",\"target\":{\"@type\":\"EntryPoint\",\"urlTemplate\":\"https:\\\/\\\/www.zhermack.com\\\/fr\\\/?s={search_term_string}\"},\"query-input\":{\"@type\":\"PropertyValueSpecification\",\"valueRequired\":true,\"valueName\":\"search_term_string\"}}],\"inLanguage\":\"fr-FR\"},{\"@type\":\"Organization\",\"@id\":\"https:\\\/\\\/www.zhermack.com\\\/fr\\\/#organization\",\"name\":\"zhermack\",\"url\":\"https:\\\/\\\/www.zhermack.com\\\/fr\\\/\",\"logo\":{\"@type\":\"ImageObject\",\"inLanguage\":\"fr-FR\",\"@id\":\"https:\\\/\\\/www.zhermack.com\\\/fr\\\/#\\\/schema\\\/logo\\\/image\\\/\",\"url\":\"\\\/public\\\/uploads\\\/logo-1.png\",\"contentUrl\":\"\\\/public\\\/uploads\\\/logo-1.png\",\"width\":284,\"height\":37,\"caption\":\"zhermack\"},\"image\":{\"@id\":\"https:\\\/\\\/www.zhermack.com\\\/fr\\\/#\\\/schema\\\/logo\\\/image\\\/\"}},{\"@type\":\"Person\",\"@id\":\"https:\\\/\\\/www.zhermack.com\\\/fr\\\/#\\\/schema\\\/person\\\/3e6507da547ec95e60ff3edb8d2909ad\",\"name\":\"Jasmine.Tramarin\",\"image\":{\"@type\":\"ImageObject\",\"inLanguage\":\"fr-FR\",\"@id\":\"https:\\\/\\\/secure.gravatar.com\\\/avatar\\\/3d803d18cdb5a1db2274ca8b70bbe7472904a87351b597517069cf4d63491d34?s=96&d=mm&r=g\",\"url\":\"https:\\\/\\\/secure.gravatar.com\\\/avatar\\\/3d803d18cdb5a1db2274ca8b70bbe7472904a87351b597517069cf4d63491d34?s=96&d=mm&r=g\",\"contentUrl\":\"https:\\\/\\\/secure.gravatar.com\\\/avatar\\\/3d803d18cdb5a1db2274ca8b70bbe7472904a87351b597517069cf4d63491d34?s=96&d=mm&r=g\",\"caption\":\"Jasmine.Tramarin\"}}]}<\/script>\n<!-- \/ Yoast SEO plugin. -->","yoast_head_json":{"title":"\"From Knowledge to Competence\", conference by Andi Teramo","description":"The conference \"From Knowledge to Competence\", promoted by Andi Teramo, will take place in Teramo, Friday, October 6th, 2023.","robots":{"index":"index","follow":"follow","max-snippet":"max-snippet:-1","max-image-preview":"max-image-preview:large","max-video-preview":"max-video-preview:-1"},"canonical":"https:\/\/www.zhermack.com\/fr\/nouveautes-evenements\/from-knowledge-to-competence-conference-by-andi-teramo\/","og_locale":"fr_FR","og_type":"article","og_title":"\"From Knowledge to Competence\", conference by Andi Teramo","og_description":"The conference \"From Knowledge to Competence\", promoted by Andi Teramo, will take place in Teramo, Friday, October 6th, 2023.","og_url":"https:\/\/www.zhermack.com\/fr\/nouveautes-evenements\/from-knowledge-to-competence-conference-by-andi-teramo\/","og_site_name":"Zhermack","article_published_time":"2023-05-15T11:55:19+00:00","article_modified_time":"2023-05-25T06:45:30+00:00","og_image":[{"width":200,"height":150,"url":"https:\/\/www.zhermack.com\/public\/uploads\/Andi-Teramo.jpg","type":"image\/jpeg"}],"author":"Jasmine.Tramarin","twitter_card":"summary_large_image","twitter_misc":{"\u00c9crit par":"Jasmine.Tramarin","Dur\u00e9e de lecture estim\u00e9e":"1 minute"},"schema":{"@context":"https:\/\/schema.org","@graph":[{"@type":"Article","@id":"https:\/\/www.zhermack.com\/fr\/nouveautes-evenements\/from-knowledge-to-competence-conference-by-andi-teramo\/#article","isPartOf":{"@id":"https:\/\/www.zhermack.com\/fr\/nouveautes-evenements\/from-knowledge-to-competence-conference-by-andi-teramo\/"},"author":{"name":"Jasmine.Tramarin","@id":"https:\/\/www.zhermack.com\/fr\/#\/schema\/person\/3e6507da547ec95e60ff3edb8d2909ad"},"headline":"\u00ab\u00a0From Knowledge to Competence\u00a0\u00bb, conference by Andi Teramo","datePublished":"2023-05-15T11:55:19+00:00","dateModified":"2023-05-25T06:45:30+00:00","mainEntityOfPage":{"@id":"https:\/\/www.zhermack.com\/fr\/nouveautes-evenements\/from-knowledge-to-competence-conference-by-andi-teramo\/"},"wordCount":103,"publisher":{"@id":"https:\/\/www.zhermack.com\/fr\/#organization"},"image":{"@id":"https:\/\/www.zhermack.com\/fr\/nouveautes-evenements\/from-knowledge-to-competence-conference-by-andi-teramo\/#primaryimage"},"thumbnailUrl":"\/public\/uploads\/Andi-Teramo.jpg","keywords":["dentistry"],"articleSection":["Nouveaut\u00e9s Entreprise","Nouveaut\u00e9s \u00c9v\u00e9nements"],"inLanguage":"fr-FR"},{"@type":"WebPage","@id":"https:\/\/www.zhermack.com\/fr\/nouveautes-evenements\/from-knowledge-to-competence-conference-by-andi-teramo\/","url":"https:\/\/www.zhermack.com\/fr\/nouveautes-evenements\/from-knowledge-to-competence-conference-by-andi-teramo\/","name":"\"From Knowledge to Competence\", conference by Andi Teramo","isPartOf":{"@id":"https:\/\/www.zhermack.com\/fr\/#website"},"primaryImageOfPage":{"@id":"https:\/\/www.zhermack.com\/fr\/nouveautes-evenements\/from-knowledge-to-competence-conference-by-andi-teramo\/#primaryimage"},"image":{"@id":"https:\/\/www.zhermack.com\/fr\/nouveautes-evenements\/from-knowledge-to-competence-conference-by-andi-teramo\/#primaryimage"},"thumbnailUrl":"\/public\/uploads\/Andi-Teramo.jpg","datePublished":"2023-05-15T11:55:19+00:00","dateModified":"2023-05-25T06:45:30+00:00","description":"The conference \"From Knowledge to Competence\", promoted by Andi Teramo, will take place in Teramo, Friday, October 6th, 2023.","breadcrumb":{"@id":"https:\/\/www.zhermack.com\/fr\/nouveautes-evenements\/from-knowledge-to-competence-conference-by-andi-teramo\/#breadcrumb"},"inLanguage":"fr-FR","potentialAction":[{"@type":"ReadAction","target":["https:\/\/www.zhermack.com\/fr\/nouveautes-evenements\/from-knowledge-to-competence-conference-by-andi-teramo\/"]}]},{"@type":"ImageObject","inLanguage":"fr-FR","@id":"https:\/\/www.zhermack.com\/fr\/nouveautes-evenements\/from-knowledge-to-competence-conference-by-andi-teramo\/#primaryimage","url":"\/public\/uploads\/Andi-Teramo.jpg","contentUrl":"\/public\/uploads\/Andi-Teramo.jpg","width":200,"height":150,"caption":"Andi Teramo"},{"@type":"BreadcrumbList","@id":"https:\/\/www.zhermack.com\/fr\/nouveautes-evenements\/from-knowledge-to-competence-conference-by-andi-teramo\/#breadcrumb","itemListElement":[{"@type":"ListItem","position":1,"name":"Home","item":"https:\/\/www.zhermack.com\/fr\/"},{"@type":"ListItem","position":2,"name":"\u00ab\u00a0From Knowledge to Competence\u00a0\u00bb, conference by Andi Teramo"}]},{"@type":"WebSite","@id":"https:\/\/www.zhermack.com\/fr\/#website","url":"https:\/\/www.zhermack.com\/fr\/","name":"Zhermack","description":"","publisher":{"@id":"https:\/\/www.zhermack.com\/fr\/#organization"},"potentialAction":[{"@type":"SearchAction","target":{"@type":"EntryPoint","urlTemplate":"https:\/\/www.zhermack.com\/fr\/?s={search_term_string}"},"query-input":{"@type":"PropertyValueSpecification","valueRequired":true,"valueName":"search_term_string"}}],"inLanguage":"fr-FR"},{"@type":"Organization","@id":"https:\/\/www.zhermack.com\/fr\/#organization","name":"zhermack","url":"https:\/\/www.zhermack.com\/fr\/","logo":{"@type":"ImageObject","inLanguage":"fr-FR","@id":"https:\/\/www.zhermack.com\/fr\/#\/schema\/logo\/image\/","url":"\/public\/uploads\/logo-1.png","contentUrl":"\/public\/uploads\/logo-1.png","width":284,"height":37,"caption":"zhermack"},"image":{"@id":"https:\/\/www.zhermack.com\/fr\/#\/schema\/logo\/image\/"}},{"@type":"Person","@id":"https:\/\/www.zhermack.com\/fr\/#\/schema\/person\/3e6507da547ec95e60ff3edb8d2909ad","name":"Jasmine.Tramarin","image":{"@type":"ImageObject","inLanguage":"fr-FR","@id":"https:\/\/secure.gravatar.com\/avatar\/3d803d18cdb5a1db2274ca8b70bbe7472904a87351b597517069cf4d63491d34?s=96&d=mm&r=g","url":"https:\/\/secure.gravatar.com\/avatar\/3d803d18cdb5a1db2274ca8b70bbe7472904a87351b597517069cf4d63491d34?s=96&d=mm&r=g","contentUrl":"https:\/\/secure.gravatar.com\/avatar\/3d803d18cdb5a1db2274ca8b70bbe7472904a87351b597517069cf4d63491d34?s=96&d=mm&r=g","caption":"Jasmine.Tramarin"}}]}},"_links":{"self":[{"href":"https:\/\/www.zhermack.com\/fr\/wp-json\/wp\/v2\/posts\/45113","targetHints":{"allow":["GET"]}}],"collection":[{"href":"https:\/\/www.zhermack.com\/fr\/wp-json\/wp\/v2\/posts"}],"about":[{"href":"https:\/\/www.zhermack.com\/fr\/wp-json\/wp\/v2\/types\/post"}],"author":[{"embeddable":true,"href":"https:\/\/www.zhermack.com\/fr\/wp-json\/wp\/v2\/users\/20"}],"replies":[{"embeddable":true,"href":"https:\/\/www.zhermack.com\/fr\/wp-json\/wp\/v2\/comments?post=45113"}],"version-history":[{"count":0,"href":"https:\/\/www.zhermack.com\/fr\/wp-json\/wp\/v2\/posts\/45113\/revisions"}],"wp:featuredmedia":[{"embeddable":true,"href":"https:\/\/www.zhermack.com\/fr\/wp-json\/wp\/v2\/media\/44596"}],"wp:attachment":[{"href":"https:\/\/www.zhermack.com\/fr\/wp-json\/wp\/v2\/media?parent=45113"}],"wp:term":[{"taxonomy":"category","embeddable":true,"href":"https:\/\/www.zhermack.com\/fr\/wp-json\/wp\/v2\/categories?post=45113"},{"taxonomy":"post_tag","embeddable":true,"href":"https:\/\/www.zhermack.com\/fr\/wp-json\/wp\/v2\/tags?post=45113"}],"curies":[{"name":"wp","href":"https:\/\/api.w.org\/{rel}","templated":true}]}}