{"id":17492,"date":"2018-03-15T16:56:21","date_gmt":"2018-03-15T15:56:21","guid":{"rendered":"https:\/\/www.zhermack.com\/nouveautes-entreprise\/zhermack-e-universita-due-mondi-a-confronto\/"},"modified":"2018-06-29T09:40:58","modified_gmt":"2018-06-29T07:40:58","slug":"zhermack-et-les-universites-deux-mondes-en-parallele","status":"publish","type":"post","link":"https:\/\/www.zhermack.com\/fr\/nouveautes-evenements\/zhermack-et-les-universites-deux-mondes-en-parallele\/","title":{"rendered":"Zhermack et les universit\u00e9s : deux mondes en parall\u00e8le"},"content":{"rendered":"<p>VNous voulons partager avec vous notre engagement \u00e0 maintenir la vivacit\u00e9 de nos relations avec le monde universitaire, activit\u00e9 que Zhermack soutient depuis longtemps et que nous avons approfondie au cours de la derni\u00e8re ann\u00e9e.<br \/>\nEn effet, ces derniers mois, nous avons particip\u00e9 \u00e0 des projets regroupant plusieurs domaines qui vont, par exemple, de la collaboration avec d\u2019importants centres et laboratoires de recherche universitaires \u00e0 l\u2019accueil de nombreux stagiaires et th\u00e9sards.<br \/>\nSi, d\u2019un c\u00f4t\u00e9, la collaboration avec les laboratoires de recherche et les centres d\u2019\u00e9tudes favorise un \u00e9change r\u00e9ciproque de savoir-faire technique et sp\u00e9cialis\u00e9, en accord avec notre secteur et nos exigences, de l\u2019autre, la collaboration avec les plus grands centres de placement universitaires permet \u00e9galement un riche passage de ressources humaines\u00a0:\u00a0<strong>des jeunes talentueux qui, gr\u00e2ce \u00e0 leur curiosit\u00e9 et leur potentiel, enrichissent Zhermack.<\/strong><br \/>\nLa collaboration avec les universit\u00e9s de Ferrare, Bologne, V\u00e9rone et Venise s\u2019applique de diff\u00e9rentes mani\u00e8res, par exemple la participation active de certains coll\u00e8gues \u00e0 des t\u00e9moignages d\u2019entreprise, des ateliers, des pr\u00e9sentations d\u2019entreprise ou des tables rondes\u00a0; autant d\u2019activit\u00e9s qui ont permis de donner de la visibilit\u00e9 \u00e0 l\u2019entreprise et d\u2019accro\u00eetre l\u2019int\u00e9r\u00eat que Zhermack suscite dans les universit\u00e9s.<br \/>\nSoulignons les nombreuses activit\u00e9s exerc\u00e9es r\u00e9cemment avec l\u2019universit\u00e9 de Ferrare, notamment avec la facult\u00e9 de Chimie, les r\u00e9cents contacts avec la facult\u00e9 de Dentisterie et ceux plus consolid\u00e9s avec la facult\u00e9 d\u2019\u00c9conomie, March\u00e9s et Management.<br \/>\nLa derni\u00e8re collaboration remonte au 12 janvier, avec notre adh\u00e9sion \u00e0 une journ\u00e9e enti\u00e8rement d\u00e9di\u00e9e \u00e0 Zhermack aupr\u00e8s de l\u2019UNIFE qui s\u2019est d\u00e9roul\u00e9e dans le nouveau Tecno HUB. Environ 70 personnes, entre \u00e9tudiants et dipl\u00f4m\u00e9s, \u00e9taient pr\u00e9sentes pour \u00e9couter notre histoire, conna\u00eetre notre activit\u00e9 et se pr\u00e9senter directement \u00e0 nous, gr\u00e2ce aux speed interviews qui leur \u00e9taient r\u00e9serv\u00e9es.<br \/>\nLa r\u00e9ponse tr\u00e8s positive que nous recevons de ces \u00e9v\u00e9nements confirme\u00a0<strong>l\u2019importance de notre entreprise sur le territoire<\/strong>, raison qui nous pousse \u00e0 poursuivre notre travail dans cette direction, satisfaits des premiers r\u00e9sultats concrets que nous avons commenc\u00e9 \u00e0 collecter r\u00e9cemment.<\/p>\n<p><img decoding=\"async\" class=\"alignnone size-full wp-image-5627 lazyload\" data-src=\"\/public\/uploads\/20180112_112737-e1521129142227.jpg\" alt=\"\" width=\"711\" height=\"400\" src=\"data:image\/svg+xml;base64,PHN2ZyB3aWR0aD0iMSIgaGVpZ2h0PSIxIiB4bWxucz0iaHR0cDovL3d3dy53My5vcmcvMjAwMC9zdmciPjwvc3ZnPg==\" style=\"--smush-placeholder-width: 711px; --smush-placeholder-aspect-ratio: 711\/400;\" \/><\/p>\n","protected":false},"excerpt":{"rendered":"<p>VNous voulons partager avec vous notre engagement \u00e0 maintenir la vivacit\u00e9 de nos relations avec le monde universitaire, activit\u00e9 que Zhermack soutient depuis longtemps et que nous avons approfondie au cours de la derni\u00e8re ann\u00e9e. En effet, ces derniers mois, nous avons particip\u00e9 \u00e0 des projets regroupant plusieurs domaines qui vont, par exemple, de la [&hellip;]<\/p>\n","protected":false},"author":2,"featured_media":8713,"comment_status":"open","ping_status":"open","sticky":false,"template":"","format":"standard","meta":{"_acf_changed":false,"rs_blank_template":"","rs_page_bg_color":"","slide_template_v7":"","footnotes":""},"categories":[321,706],"tags":[],"class_list":["post-17492","post","type-post","status-publish","format-standard","has-post-thumbnail","hentry","category-nouveautes-entreprise","category-nouveautes-evenements"],"acf":[],"yoast_head":"<!-- This site is optimized with the Yoast SEO plugin v27.3 - https:\/\/yoast.com\/product\/yoast-seo-wordpress\/ -->\n<title>Zhermack et les universit\u00e9s : deux mondes en parall\u00e8le - Zhermack<\/title>\n<meta name=\"robots\" content=\"index, follow, max-snippet:-1, max-image-preview:large, max-video-preview:-1\" \/>\n<link rel=\"canonical\" href=\"https:\/\/www.zhermack.com\/fr\/nouveautes-evenements\/zhermack-et-les-universites-deux-mondes-en-parallele\/\" \/>\n<meta property=\"og:locale\" content=\"fr_FR\" \/>\n<meta property=\"og:type\" content=\"article\" \/>\n<meta property=\"og:title\" content=\"Zhermack et les universit\u00e9s : deux mondes en parall\u00e8le - Zhermack\" \/>\n<meta property=\"og:description\" content=\"VNous voulons partager avec vous notre engagement \u00e0 maintenir la vivacit\u00e9 de nos relations avec le monde universitaire, activit\u00e9 que Zhermack soutient depuis longtemps et que nous avons approfondie au cours de la derni\u00e8re ann\u00e9e. En effet, ces derniers mois, nous avons particip\u00e9 \u00e0 des projets regroupant plusieurs domaines qui vont, par exemple, de la [&hellip;]\" \/>\n<meta property=\"og:url\" content=\"https:\/\/www.zhermack.com\/fr\/nouveautes-evenements\/zhermack-et-les-universites-deux-mondes-en-parallele\/\" \/>\n<meta property=\"og:site_name\" content=\"Zhermack\" \/>\n<meta property=\"article:published_time\" content=\"2018-03-15T15:56:21+00:00\" \/>\n<meta property=\"article:modified_time\" content=\"2018-06-29T07:40:58+00:00\" \/>\n<meta property=\"og:image\" content=\"https:\/\/www.zhermack.com\/public\/uploads\/ARROW-1024x638.png\" \/>\n\t<meta property=\"og:image:width\" content=\"1024\" \/>\n\t<meta property=\"og:image:height\" content=\"638\" \/>\n\t<meta property=\"og:image:type\" content=\"image\/png\" \/>\n<meta name=\"author\" content=\"amministrazione\" \/>\n<meta name=\"twitter:card\" content=\"summary_large_image\" \/>\n<meta name=\"twitter:label1\" content=\"\u00c9crit par\" \/>\n\t<meta name=\"twitter:data1\" content=\"amministrazione\" \/>\n\t<meta name=\"twitter:label2\" content=\"Dur\u00e9e de lecture estim\u00e9e\" \/>\n\t<meta name=\"twitter:data2\" content=\"2 minutes\" \/>\n<script type=\"application\/ld+json\" class=\"yoast-schema-graph\">{\"@context\":\"https:\\\/\\\/schema.org\",\"@graph\":[{\"@type\":\"Article\",\"@id\":\"https:\\\/\\\/www.zhermack.com\\\/fr\\\/nouveautes-evenements\\\/zhermack-et-les-universites-deux-mondes-en-parallele\\\/#article\",\"isPartOf\":{\"@id\":\"https:\\\/\\\/www.zhermack.com\\\/fr\\\/nouveautes-evenements\\\/zhermack-et-les-universites-deux-mondes-en-parallele\\\/\"},\"author\":{\"name\":\"amministrazione\",\"@id\":\"https:\\\/\\\/www.zhermack.com\\\/fr\\\/#\\\/schema\\\/person\\\/d9d8995a2d0054d1219975931c5427d2\"},\"headline\":\"Zhermack et les universit\u00e9s : deux mondes en parall\u00e8le\",\"datePublished\":\"2018-03-15T15:56:21+00:00\",\"dateModified\":\"2018-06-29T07:40:58+00:00\",\"mainEntityOfPage\":{\"@id\":\"https:\\\/\\\/www.zhermack.com\\\/fr\\\/nouveautes-evenements\\\/zhermack-et-les-universites-deux-mondes-en-parallele\\\/\"},\"wordCount\":387,\"commentCount\":0,\"publisher\":{\"@id\":\"https:\\\/\\\/www.zhermack.com\\\/fr\\\/#organization\"},\"image\":{\"@id\":\"https:\\\/\\\/www.zhermack.com\\\/fr\\\/nouveautes-evenements\\\/zhermack-et-les-universites-deux-mondes-en-parallele\\\/#primaryimage\"},\"thumbnailUrl\":\"\\\/public\\\/uploads\\\/ARROW.png\",\"articleSection\":[\"Nouveaut\u00e9s Entreprise\",\"Nouveaut\u00e9s \u00c9v\u00e9nements\"],\"inLanguage\":\"fr-FR\",\"potentialAction\":[{\"@type\":\"CommentAction\",\"name\":\"Comment\",\"target\":[\"https:\\\/\\\/www.zhermack.com\\\/fr\\\/nouveautes-evenements\\\/zhermack-et-les-universites-deux-mondes-en-parallele\\\/#respond\"]}]},{\"@type\":\"WebPage\",\"@id\":\"https:\\\/\\\/www.zhermack.com\\\/fr\\\/nouveautes-evenements\\\/zhermack-et-les-universites-deux-mondes-en-parallele\\\/\",\"url\":\"https:\\\/\\\/www.zhermack.com\\\/fr\\\/nouveautes-evenements\\\/zhermack-et-les-universites-deux-mondes-en-parallele\\\/\",\"name\":\"Zhermack et les universit\u00e9s : deux mondes en parall\u00e8le - Zhermack\",\"isPartOf\":{\"@id\":\"https:\\\/\\\/www.zhermack.com\\\/fr\\\/#website\"},\"primaryImageOfPage\":{\"@id\":\"https:\\\/\\\/www.zhermack.com\\\/fr\\\/nouveautes-evenements\\\/zhermack-et-les-universites-deux-mondes-en-parallele\\\/#primaryimage\"},\"image\":{\"@id\":\"https:\\\/\\\/www.zhermack.com\\\/fr\\\/nouveautes-evenements\\\/zhermack-et-les-universites-deux-mondes-en-parallele\\\/#primaryimage\"},\"thumbnailUrl\":\"\\\/public\\\/uploads\\\/ARROW.png\",\"datePublished\":\"2018-03-15T15:56:21+00:00\",\"dateModified\":\"2018-06-29T07:40:58+00:00\",\"breadcrumb\":{\"@id\":\"https:\\\/\\\/www.zhermack.com\\\/fr\\\/nouveautes-evenements\\\/zhermack-et-les-universites-deux-mondes-en-parallele\\\/#breadcrumb\"},\"inLanguage\":\"fr-FR\",\"potentialAction\":[{\"@type\":\"ReadAction\",\"target\":[\"https:\\\/\\\/www.zhermack.com\\\/fr\\\/nouveautes-evenements\\\/zhermack-et-les-universites-deux-mondes-en-parallele\\\/\"]}]},{\"@type\":\"ImageObject\",\"inLanguage\":\"fr-FR\",\"@id\":\"https:\\\/\\\/www.zhermack.com\\\/fr\\\/nouveautes-evenements\\\/zhermack-et-les-universites-deux-mondes-en-parallele\\\/#primaryimage\",\"url\":\"\\\/public\\\/uploads\\\/ARROW.png\",\"contentUrl\":\"\\\/public\\\/uploads\\\/ARROW.png\",\"width\":1864,\"height\":1161},{\"@type\":\"BreadcrumbList\",\"@id\":\"https:\\\/\\\/www.zhermack.com\\\/fr\\\/nouveautes-evenements\\\/zhermack-et-les-universites-deux-mondes-en-parallele\\\/#breadcrumb\",\"itemListElement\":[{\"@type\":\"ListItem\",\"position\":1,\"name\":\"Home\",\"item\":\"https:\\\/\\\/www.zhermack.com\\\/fr\\\/\"},{\"@type\":\"ListItem\",\"position\":2,\"name\":\"Zhermack et les universit\u00e9s : deux mondes en parall\u00e8le\"}]},{\"@type\":\"WebSite\",\"@id\":\"https:\\\/\\\/www.zhermack.com\\\/fr\\\/#website\",\"url\":\"https:\\\/\\\/www.zhermack.com\\\/fr\\\/\",\"name\":\"Zhermack\",\"description\":\"\",\"publisher\":{\"@id\":\"https:\\\/\\\/www.zhermack.com\\\/fr\\\/#organization\"},\"potentialAction\":[{\"@type\":\"SearchAction\",\"target\":{\"@type\":\"EntryPoint\",\"urlTemplate\":\"https:\\\/\\\/www.zhermack.com\\\/fr\\\/?s={search_term_string}\"},\"query-input\":{\"@type\":\"PropertyValueSpecification\",\"valueRequired\":true,\"valueName\":\"search_term_string\"}}],\"inLanguage\":\"fr-FR\"},{\"@type\":\"Organization\",\"@id\":\"https:\\\/\\\/www.zhermack.com\\\/fr\\\/#organization\",\"name\":\"zhermack\",\"url\":\"https:\\\/\\\/www.zhermack.com\\\/fr\\\/\",\"logo\":{\"@type\":\"ImageObject\",\"inLanguage\":\"fr-FR\",\"@id\":\"https:\\\/\\\/www.zhermack.com\\\/fr\\\/#\\\/schema\\\/logo\\\/image\\\/\",\"url\":\"\\\/public\\\/uploads\\\/logo-1.png\",\"contentUrl\":\"\\\/public\\\/uploads\\\/logo-1.png\",\"width\":284,\"height\":37,\"caption\":\"zhermack\"},\"image\":{\"@id\":\"https:\\\/\\\/www.zhermack.com\\\/fr\\\/#\\\/schema\\\/logo\\\/image\\\/\"}},{\"@type\":\"Person\",\"@id\":\"https:\\\/\\\/www.zhermack.com\\\/fr\\\/#\\\/schema\\\/person\\\/d9d8995a2d0054d1219975931c5427d2\",\"name\":\"amministrazione\",\"image\":{\"@type\":\"ImageObject\",\"inLanguage\":\"fr-FR\",\"@id\":\"https:\\\/\\\/secure.gravatar.com\\\/avatar\\\/1e78a5a5db54d6ceaf3680bcd8f2deae4974afa97bc623f7a100b03cc1497889?s=96&d=mm&r=g\",\"url\":\"https:\\\/\\\/secure.gravatar.com\\\/avatar\\\/1e78a5a5db54d6ceaf3680bcd8f2deae4974afa97bc623f7a100b03cc1497889?s=96&d=mm&r=g\",\"contentUrl\":\"https:\\\/\\\/secure.gravatar.com\\\/avatar\\\/1e78a5a5db54d6ceaf3680bcd8f2deae4974afa97bc623f7a100b03cc1497889?s=96&d=mm&r=g\",\"caption\":\"amministrazione\"}}]}<\/script>\n<!-- \/ Yoast SEO plugin. -->","yoast_head_json":{"title":"Zhermack et les universit\u00e9s : deux mondes en parall\u00e8le - Zhermack","robots":{"index":"index","follow":"follow","max-snippet":"max-snippet:-1","max-image-preview":"max-image-preview:large","max-video-preview":"max-video-preview:-1"},"canonical":"https:\/\/www.zhermack.com\/fr\/nouveautes-evenements\/zhermack-et-les-universites-deux-mondes-en-parallele\/","og_locale":"fr_FR","og_type":"article","og_title":"Zhermack et les universit\u00e9s : deux mondes en parall\u00e8le - Zhermack","og_description":"VNous voulons partager avec vous notre engagement \u00e0 maintenir la vivacit\u00e9 de nos relations avec le monde universitaire, activit\u00e9 que Zhermack soutient depuis longtemps et que nous avons approfondie au cours de la derni\u00e8re ann\u00e9e. En effet, ces derniers mois, nous avons particip\u00e9 \u00e0 des projets regroupant plusieurs domaines qui vont, par exemple, de la [&hellip;]","og_url":"https:\/\/www.zhermack.com\/fr\/nouveautes-evenements\/zhermack-et-les-universites-deux-mondes-en-parallele\/","og_site_name":"Zhermack","article_published_time":"2018-03-15T15:56:21+00:00","article_modified_time":"2018-06-29T07:40:58+00:00","og_image":[{"width":1024,"height":638,"url":"https:\/\/www.zhermack.com\/public\/uploads\/ARROW-1024x638.png","type":"image\/png"}],"author":"amministrazione","twitter_card":"summary_large_image","twitter_misc":{"\u00c9crit par":"amministrazione","Dur\u00e9e de lecture estim\u00e9e":"2 minutes"},"schema":{"@context":"https:\/\/schema.org","@graph":[{"@type":"Article","@id":"https:\/\/www.zhermack.com\/fr\/nouveautes-evenements\/zhermack-et-les-universites-deux-mondes-en-parallele\/#article","isPartOf":{"@id":"https:\/\/www.zhermack.com\/fr\/nouveautes-evenements\/zhermack-et-les-universites-deux-mondes-en-parallele\/"},"author":{"name":"amministrazione","@id":"https:\/\/www.zhermack.com\/fr\/#\/schema\/person\/d9d8995a2d0054d1219975931c5427d2"},"headline":"Zhermack et les universit\u00e9s : deux mondes en parall\u00e8le","datePublished":"2018-03-15T15:56:21+00:00","dateModified":"2018-06-29T07:40:58+00:00","mainEntityOfPage":{"@id":"https:\/\/www.zhermack.com\/fr\/nouveautes-evenements\/zhermack-et-les-universites-deux-mondes-en-parallele\/"},"wordCount":387,"commentCount":0,"publisher":{"@id":"https:\/\/www.zhermack.com\/fr\/#organization"},"image":{"@id":"https:\/\/www.zhermack.com\/fr\/nouveautes-evenements\/zhermack-et-les-universites-deux-mondes-en-parallele\/#primaryimage"},"thumbnailUrl":"\/public\/uploads\/ARROW.png","articleSection":["Nouveaut\u00e9s Entreprise","Nouveaut\u00e9s \u00c9v\u00e9nements"],"inLanguage":"fr-FR","potentialAction":[{"@type":"CommentAction","name":"Comment","target":["https:\/\/www.zhermack.com\/fr\/nouveautes-evenements\/zhermack-et-les-universites-deux-mondes-en-parallele\/#respond"]}]},{"@type":"WebPage","@id":"https:\/\/www.zhermack.com\/fr\/nouveautes-evenements\/zhermack-et-les-universites-deux-mondes-en-parallele\/","url":"https:\/\/www.zhermack.com\/fr\/nouveautes-evenements\/zhermack-et-les-universites-deux-mondes-en-parallele\/","name":"Zhermack et les universit\u00e9s : deux mondes en parall\u00e8le - Zhermack","isPartOf":{"@id":"https:\/\/www.zhermack.com\/fr\/#website"},"primaryImageOfPage":{"@id":"https:\/\/www.zhermack.com\/fr\/nouveautes-evenements\/zhermack-et-les-universites-deux-mondes-en-parallele\/#primaryimage"},"image":{"@id":"https:\/\/www.zhermack.com\/fr\/nouveautes-evenements\/zhermack-et-les-universites-deux-mondes-en-parallele\/#primaryimage"},"thumbnailUrl":"\/public\/uploads\/ARROW.png","datePublished":"2018-03-15T15:56:21+00:00","dateModified":"2018-06-29T07:40:58+00:00","breadcrumb":{"@id":"https:\/\/www.zhermack.com\/fr\/nouveautes-evenements\/zhermack-et-les-universites-deux-mondes-en-parallele\/#breadcrumb"},"inLanguage":"fr-FR","potentialAction":[{"@type":"ReadAction","target":["https:\/\/www.zhermack.com\/fr\/nouveautes-evenements\/zhermack-et-les-universites-deux-mondes-en-parallele\/"]}]},{"@type":"ImageObject","inLanguage":"fr-FR","@id":"https:\/\/www.zhermack.com\/fr\/nouveautes-evenements\/zhermack-et-les-universites-deux-mondes-en-parallele\/#primaryimage","url":"\/public\/uploads\/ARROW.png","contentUrl":"\/public\/uploads\/ARROW.png","width":1864,"height":1161},{"@type":"BreadcrumbList","@id":"https:\/\/www.zhermack.com\/fr\/nouveautes-evenements\/zhermack-et-les-universites-deux-mondes-en-parallele\/#breadcrumb","itemListElement":[{"@type":"ListItem","position":1,"name":"Home","item":"https:\/\/www.zhermack.com\/fr\/"},{"@type":"ListItem","position":2,"name":"Zhermack et les universit\u00e9s : deux mondes en parall\u00e8le"}]},{"@type":"WebSite","@id":"https:\/\/www.zhermack.com\/fr\/#website","url":"https:\/\/www.zhermack.com\/fr\/","name":"Zhermack","description":"","publisher":{"@id":"https:\/\/www.zhermack.com\/fr\/#organization"},"potentialAction":[{"@type":"SearchAction","target":{"@type":"EntryPoint","urlTemplate":"https:\/\/www.zhermack.com\/fr\/?s={search_term_string}"},"query-input":{"@type":"PropertyValueSpecification","valueRequired":true,"valueName":"search_term_string"}}],"inLanguage":"fr-FR"},{"@type":"Organization","@id":"https:\/\/www.zhermack.com\/fr\/#organization","name":"zhermack","url":"https:\/\/www.zhermack.com\/fr\/","logo":{"@type":"ImageObject","inLanguage":"fr-FR","@id":"https:\/\/www.zhermack.com\/fr\/#\/schema\/logo\/image\/","url":"\/public\/uploads\/logo-1.png","contentUrl":"\/public\/uploads\/logo-1.png","width":284,"height":37,"caption":"zhermack"},"image":{"@id":"https:\/\/www.zhermack.com\/fr\/#\/schema\/logo\/image\/"}},{"@type":"Person","@id":"https:\/\/www.zhermack.com\/fr\/#\/schema\/person\/d9d8995a2d0054d1219975931c5427d2","name":"amministrazione","image":{"@type":"ImageObject","inLanguage":"fr-FR","@id":"https:\/\/secure.gravatar.com\/avatar\/1e78a5a5db54d6ceaf3680bcd8f2deae4974afa97bc623f7a100b03cc1497889?s=96&d=mm&r=g","url":"https:\/\/secure.gravatar.com\/avatar\/1e78a5a5db54d6ceaf3680bcd8f2deae4974afa97bc623f7a100b03cc1497889?s=96&d=mm&r=g","contentUrl":"https:\/\/secure.gravatar.com\/avatar\/1e78a5a5db54d6ceaf3680bcd8f2deae4974afa97bc623f7a100b03cc1497889?s=96&d=mm&r=g","caption":"amministrazione"}}]}},"_links":{"self":[{"href":"https:\/\/www.zhermack.com\/fr\/wp-json\/wp\/v2\/posts\/17492","targetHints":{"allow":["GET"]}}],"collection":[{"href":"https:\/\/www.zhermack.com\/fr\/wp-json\/wp\/v2\/posts"}],"about":[{"href":"https:\/\/www.zhermack.com\/fr\/wp-json\/wp\/v2\/types\/post"}],"author":[{"embeddable":true,"href":"https:\/\/www.zhermack.com\/fr\/wp-json\/wp\/v2\/users\/2"}],"replies":[{"embeddable":true,"href":"https:\/\/www.zhermack.com\/fr\/wp-json\/wp\/v2\/comments?post=17492"}],"version-history":[{"count":0,"href":"https:\/\/www.zhermack.com\/fr\/wp-json\/wp\/v2\/posts\/17492\/revisions"}],"wp:featuredmedia":[{"embeddable":true,"href":"https:\/\/www.zhermack.com\/fr\/wp-json\/wp\/v2\/media\/8713"}],"wp:attachment":[{"href":"https:\/\/www.zhermack.com\/fr\/wp-json\/wp\/v2\/media?parent=17492"}],"wp:term":[{"taxonomy":"category","embeddable":true,"href":"https:\/\/www.zhermack.com\/fr\/wp-json\/wp\/v2\/categories?post=17492"},{"taxonomy":"post_tag","embeddable":true,"href":"https:\/\/www.zhermack.com\/fr\/wp-json\/wp\/v2\/tags?post=17492"}],"curies":[{"name":"wp","href":"https:\/\/api.w.org\/{rel}","templated":true}]}}