{"id":17142,"date":"2018-03-15T16:31:45","date_gmt":"2018-03-15T15:31:45","guid":{"rendered":"https:\/\/www.zhermack.com\/company_es\/charity-donare-la-speranza\/"},"modified":"2023-05-24T15:06:05","modified_gmt":"2023-05-24T13:06:05","slug":"charity-regalar-esperanza","status":"publish","type":"post","link":"https:\/\/www.zhermack.com\/es\/company_es\/charity-regalar-esperanza\/","title":{"rendered":"Charity: regalar esperanza"},"content":{"rendered":"<p><strong>Mejorar el bienestar de las personas por medio de la calidad, la ciencia y la educaci\u00f3n, ahora y para las futuras generaciones<\/strong>. Este es el objetivo principal de nuestra empresa, que se recoge en nuestra misi\u00f3n. Un compromiso que Zhermack adopta de manera integral y al que permanece fiel a\u00f1o tras a\u00f1o. Por este motivo, Zhermack asume esta responsabilidad con respecto al territorio de acogida. Entre los proyectos solidarios que hemos emprendido, recordamos la elecci\u00f3n de destinar a obras de beneficencia el equivalente a los regalos de Navidad para llevar a cabo actividades importantes relacionadas con la concesi\u00f3n de ayudas a familias que atraviesan dificultades econ\u00f3micas y el apoyo a ni\u00f1os con discapacidad. La segunda edici\u00f3n de Run with Zhermack del pasado octubre nos ha permitido hacer nuestra aportaci\u00f3n a proyectos locales destacados, con especial atenci\u00f3n a las necesidades educativas de los ni\u00f1os con discapacidades de medias a graves y a iniciativas de inclusi\u00f3n social y valorizaci\u00f3n de la diversidad.<br \/>\n<strong>Cada empresa tiene una responsabilidad para con la sociedad<\/strong>, no solo en el plano econ\u00f3mico sino tambi\u00e9n p\u00fablico y social. Por esto, la inversi\u00f3n en el bienestar de la comunidad y en la formaci\u00f3n de las nuevas generaciones constituye para nosotros una meta fruct\u00edfera y con visi\u00f3n de futuro a la que entregar con confianza el fruto de nuestro trabajo.<\/p>\n<p>Un compromiso preciso y un apoyo concreto para ayudar a la comunidad que nos acoge desde hace tiempo, esta es la misi\u00f3n de Zhermack seg\u00fan una pol\u00edtica basada en valores \u00e9ticos, sociales y ambientales que queremos que se haga realidad.<\/p>\n<!-- Masterslider -->\t\t\r\n\t\t\t<div class=\"master-slider ms-skin-light-3 mb-3\" id=\"masterslider-post-carousel\">\r\n\t\t\t\t\t<!-- new slide -->\r\n\t\t\t\t\t<div class=\"ms-slide\">\r\n\r\n\t\t\t\t\t\t<!-- slide background -->\r\n\t\t\t\t\t\t<img decoding=\"async\" src=\"\/public\/themes\/zhermack\/assets\/img\/masterslider\/blank.gif\" data-src=\"\/public\/uploads\/La-consegna-dellassegno-allIst.-Comprensivo-di-Badia-Pol-e1521127700985.jpg\" alt=\"\" id=\"image-1\">\r\n\r\n\t\t\t\t\t\t<!-- linked slide -->\r\n\t\t\t\t\t\t<a href=\"#\" data-toggle=\"modal\" data-target=\"#modal-slider\" title=\"Image 1\"><\/a>\r\n\r\n\t\t\t\t\t\t<!-- slide text layer -->\r\n\t\t\t\t        <div class=\"ms-layer ms-caption\" data-offset-x=\"0\" data-offset-y=\"0\" data-origin=\"bl\" data-type=\"text\" data-effect=\"bottom(30)\" data-duration=\"800\" data-ease=\"easeOutQuart\">\r\n\t\t\t\t             Nuestro General Manager, Ing. Paolo Ambrosini y la Delegaci\u00f3n del Instituto incluido Badia Polesine\r\n\t\t\t\t        <\/div>\r\n\r\n\t\t\t\t\t\t<!-- thumbnail -->\r\n\t\t\t\t\t\t<div class=\"ms-thumb\"><img decoding=\"async\" data-src=\"\/public\/uploads\/La-consegna-dellassegno-allIst.-Comprensivo-di-Badia-Pol-e1521127700985.jpg\" alt=\"\"  src=\"data:image\/svg+xml;base64,PHN2ZyB3aWR0aD0iMSIgaGVpZ2h0PSIxIiB4bWxucz0iaHR0cDovL3d3dy53My5vcmcvMjAwMC9zdmciPjwvc3ZnPg==\" class=\"lazyload\"><\/div>\r\n\r\n\t\t\t\t\t<\/div>\r\n\t\t\t\t\t<!-- end of slide -->\r\n\t\t\t\t\t<!-- new slide -->\r\n\t\t\t\t\t<div class=\"ms-slide\">\r\n\r\n\t\t\t\t\t\t<!-- slide background -->\r\n\t\t\t\t\t\t<img decoding=\"async\" src=\"\/public\/themes\/zhermack\/assets\/img\/masterslider\/blank.gif\" data-src=\"\/public\/uploads\/DSC_0426-e1521127774880.jpg\" alt=\"\" id=\"image-2\">\r\n\r\n\t\t\t\t\t\t<!-- linked slide -->\r\n\t\t\t\t\t\t<a href=\"#\" data-toggle=\"modal\" data-target=\"#modal-slider\" title=\"Image 2\"><\/a>\r\n\r\n\t\t\t\t\t\t<!-- slide text layer -->\r\n\t\t\t\t        <div class=\"ms-layer ms-caption\" data-offset-x=\"0\" data-offset-y=\"0\" data-origin=\"bl\" data-type=\"text\" data-effect=\"bottom(30)\" data-duration=\"800\" data-ease=\"easeOutQuart\">\r\n\t\t\t\t             Otro momento importante con el alcalde de nuestra ciudad a la derecha y a la izquierda el Ing. Ambrosini\r\n\t\t\t\t        <\/div>\r\n\r\n\t\t\t\t\t\t<!-- thumbnail -->\r\n\t\t\t\t\t\t<div class=\"ms-thumb\"><img decoding=\"async\" data-src=\"\/public\/uploads\/DSC_0426-e1521127774880.jpg\" alt=\"\"  src=\"data:image\/svg+xml;base64,PHN2ZyB3aWR0aD0iMSIgaGVpZ2h0PSIxIiB4bWxucz0iaHR0cDovL3d3dy53My5vcmcvMjAwMC9zdmciPjwvc3ZnPg==\" class=\"lazyload\"><\/div>\r\n\r\n\t\t\t\t\t<\/div>\r\n\t\t\t\t\t<!-- end of slide --><\/div>\r\n\t\t\t\t<!-- END Masterslider -->\r\n\t\t\t<!-- Modal Slider Post Slider -->\r\n\t\t\t<div id=\"modal-slider\" class=\"modal fade modal-fullscreen\" tabindex=\"-1\" role=\"dialog\">\r\n\t\t\t    <div class=\"modal-dialog\" role=\"document\">\r\n\t\t\t        <div class=\"modal-content\">\r\n\t\t\t        \t<div class=\"modal-header\">\r\n\t\t\t        \t\t<button type=\"button\" class=\"close\" data-dismiss=\"modal\" aria-label=\"Close\"><span aria-hidden=\"true\">&times;<\/span><\/button>\r\n\t\t\t        \t<\/div>\r\n\t\t\t        \t<div class=\"modal-body text-center\">\r\n\t\t\t        \t\t<div id=\"modal-carousel\" class=\"carousel slide\" data-interval=\"false\">\r\n\t\t\t        \t\t\t<div class=\"carousel-inner\"><div class=\"item active\"><img decoding=\"async\" data-src=\"\/public\/uploads\/La-consegna-dellassegno-allIst.-Comprensivo-di-Badia-Pol-e1521127700985.jpg\" alt=\"\" class=\"img-responsive center-block lazyload\" src=\"data:image\/svg+xml;base64,PHN2ZyB3aWR0aD0iMSIgaGVpZ2h0PSIxIiB4bWxucz0iaHR0cDovL3d3dy53My5vcmcvMjAwMC9zdmciPjwvc3ZnPg==\">\r\n\t\t\t        \t\t\t\t<\/div><div class=\"item\"><img decoding=\"async\" data-src=\"\/public\/uploads\/DSC_0426-e1521127774880.jpg\" alt=\"\" class=\"img-responsive center-block lazyload\" src=\"data:image\/svg+xml;base64,PHN2ZyB3aWR0aD0iMSIgaGVpZ2h0PSIxIiB4bWxucz0iaHR0cDovL3d3dy53My5vcmcvMjAwMC9zdmciPjwvc3ZnPg==\">\r\n\t\t\t        \t\t\t\t<\/div><\/div>\r\n\t\t\t        \t\t\t<a class=\"carousel-control left\" href=\"#modal-carousel\" data-slide=\"prev\"><i class=\"glyphicon glyphicon-chevron-left\"><\/i><\/a>\r\n\t\t\t        \t\t\t<a class=\"carousel-control right\" href=\"#modal-carousel\" data-slide=\"next\"><i class=\"glyphicon glyphicon-chevron-right\"><\/i><\/a>\r\n\t\t\t        \t\t<\/div>\r\n\t\t\t        \t<\/div>\r\n\t\t\t        <\/div>\r\n\t\t\t    <\/div>\r\n\t\t\t<\/div>\r\n\t\t\t<!-- END Modal Slider Post Slider -->\n","protected":false},"excerpt":{"rendered":"<p>Mejorar el bienestar de las personas por medio de la calidad, la ciencia y la educaci\u00f3n, ahora y para las futuras generaciones. Este es el objetivo principal de nuestra empresa, que se recoge en nuestra misi\u00f3n. Un compromiso que Zhermack adopta de manera integral y al que permanece fiel a\u00f1o tras a\u00f1o. Por este motivo, [&hellip;]<\/p>\n","protected":false},"author":2,"featured_media":8684,"comment_status":"open","ping_status":"open","sticky":false,"template":"","format":"standard","meta":{"_acf_changed":false,"rs_blank_template":"","rs_page_bg_color":"","slide_template_v7":"","footnotes":""},"categories":[322,461],"tags":[],"class_list":["post-17142","post","type-post","status-publish","format-standard","has-post-thumbnail","hentry","category-company_es","category-events_es"],"acf":[],"yoast_head":"<!-- This site is optimized with the Yoast SEO plugin v27.3 - https:\/\/yoast.com\/product\/yoast-seo-wordpress\/ -->\n<title>Charity: regalar esperanza - Zhermack<\/title>\n<meta name=\"robots\" content=\"index, follow, max-snippet:-1, max-image-preview:large, max-video-preview:-1\" \/>\n<link rel=\"canonical\" href=\"https:\/\/www.zhermack.com\/es\/company_es\/charity-regalar-esperanza\/\" \/>\n<meta property=\"og:locale\" content=\"es_ES\" \/>\n<meta property=\"og:type\" content=\"article\" \/>\n<meta property=\"og:title\" content=\"Charity: regalar esperanza - Zhermack\" \/>\n<meta property=\"og:description\" content=\"Mejorar el bienestar de las personas por medio de la calidad, la ciencia y la educaci\u00f3n, ahora y para las futuras generaciones. Este es el objetivo principal de nuestra empresa, que se recoge en nuestra misi\u00f3n. Un compromiso que Zhermack adopta de manera integral y al que permanece fiel a\u00f1o tras a\u00f1o. Por este motivo, [&hellip;]\" \/>\n<meta property=\"og:url\" content=\"https:\/\/www.zhermack.com\/es\/company_es\/charity-regalar-esperanza\/\" \/>\n<meta property=\"og:site_name\" content=\"Zhermack\" \/>\n<meta property=\"article:published_time\" content=\"2018-03-15T15:31:45+00:00\" \/>\n<meta property=\"article:modified_time\" content=\"2023-05-24T13:06:05+00:00\" \/>\n<meta property=\"og:image\" content=\"https:\/\/www.zhermack.com\/public\/uploads\/la-foto-ricordo-della-Conferenza-Charity-di-fine-anno-1024x686.jpg\" \/>\n\t<meta property=\"og:image:width\" content=\"1024\" \/>\n\t<meta property=\"og:image:height\" content=\"686\" \/>\n\t<meta property=\"og:image:type\" content=\"image\/jpeg\" \/>\n<meta name=\"author\" content=\"amministrazione\" \/>\n<meta name=\"twitter:card\" content=\"summary_large_image\" \/>\n<meta name=\"twitter:label1\" content=\"Escrito por\" \/>\n\t<meta name=\"twitter:data1\" content=\"amministrazione\" \/>\n\t<meta name=\"twitter:label2\" content=\"Tiempo de lectura\" \/>\n\t<meta name=\"twitter:data2\" content=\"2 minutos\" \/>\n<script type=\"application\/ld+json\" class=\"yoast-schema-graph\">{\"@context\":\"https:\\\/\\\/schema.org\",\"@graph\":[{\"@type\":\"Article\",\"@id\":\"https:\\\/\\\/www.zhermack.com\\\/es\\\/company_es\\\/charity-regalar-esperanza\\\/#article\",\"isPartOf\":{\"@id\":\"https:\\\/\\\/www.zhermack.com\\\/es\\\/company_es\\\/charity-regalar-esperanza\\\/\"},\"author\":{\"name\":\"amministrazione\",\"@id\":\"https:\\\/\\\/www.zhermack.com\\\/es\\\/#\\\/schema\\\/person\\\/d9d8995a2d0054d1219975931c5427d2\"},\"headline\":\"Charity: regalar esperanza\",\"datePublished\":\"2018-03-15T15:31:45+00:00\",\"dateModified\":\"2023-05-24T13:06:05+00:00\",\"mainEntityOfPage\":{\"@id\":\"https:\\\/\\\/www.zhermack.com\\\/es\\\/company_es\\\/charity-regalar-esperanza\\\/\"},\"wordCount\":289,\"commentCount\":0,\"publisher\":{\"@id\":\"https:\\\/\\\/www.zhermack.com\\\/es\\\/#organization\"},\"image\":{\"@id\":\"https:\\\/\\\/www.zhermack.com\\\/es\\\/company_es\\\/charity-regalar-esperanza\\\/#primaryimage\"},\"thumbnailUrl\":\"\\\/public\\\/uploads\\\/la-foto-ricordo-della-Conferenza-Charity-di-fine-anno.jpg\",\"articleSection\":[\"Noticias empresa\",\"Noticias eventos\"],\"inLanguage\":\"es\",\"potentialAction\":[{\"@type\":\"CommentAction\",\"name\":\"Comment\",\"target\":[\"https:\\\/\\\/www.zhermack.com\\\/es\\\/company_es\\\/charity-regalar-esperanza\\\/#respond\"]}]},{\"@type\":\"WebPage\",\"@id\":\"https:\\\/\\\/www.zhermack.com\\\/es\\\/company_es\\\/charity-regalar-esperanza\\\/\",\"url\":\"https:\\\/\\\/www.zhermack.com\\\/es\\\/company_es\\\/charity-regalar-esperanza\\\/\",\"name\":\"Charity: regalar esperanza - Zhermack\",\"isPartOf\":{\"@id\":\"https:\\\/\\\/www.zhermack.com\\\/es\\\/#website\"},\"primaryImageOfPage\":{\"@id\":\"https:\\\/\\\/www.zhermack.com\\\/es\\\/company_es\\\/charity-regalar-esperanza\\\/#primaryimage\"},\"image\":{\"@id\":\"https:\\\/\\\/www.zhermack.com\\\/es\\\/company_es\\\/charity-regalar-esperanza\\\/#primaryimage\"},\"thumbnailUrl\":\"\\\/public\\\/uploads\\\/la-foto-ricordo-della-Conferenza-Charity-di-fine-anno.jpg\",\"datePublished\":\"2018-03-15T15:31:45+00:00\",\"dateModified\":\"2023-05-24T13:06:05+00:00\",\"breadcrumb\":{\"@id\":\"https:\\\/\\\/www.zhermack.com\\\/es\\\/company_es\\\/charity-regalar-esperanza\\\/#breadcrumb\"},\"inLanguage\":\"es\",\"potentialAction\":[{\"@type\":\"ReadAction\",\"target\":[\"https:\\\/\\\/www.zhermack.com\\\/es\\\/company_es\\\/charity-regalar-esperanza\\\/\"]}]},{\"@type\":\"ImageObject\",\"inLanguage\":\"es\",\"@id\":\"https:\\\/\\\/www.zhermack.com\\\/es\\\/company_es\\\/charity-regalar-esperanza\\\/#primaryimage\",\"url\":\"\\\/public\\\/uploads\\\/la-foto-ricordo-della-Conferenza-Charity-di-fine-anno.jpg\",\"contentUrl\":\"\\\/public\\\/uploads\\\/la-foto-ricordo-della-Conferenza-Charity-di-fine-anno.jpg\",\"width\":3734,\"height\":2500},{\"@type\":\"BreadcrumbList\",\"@id\":\"https:\\\/\\\/www.zhermack.com\\\/es\\\/company_es\\\/charity-regalar-esperanza\\\/#breadcrumb\",\"itemListElement\":[{\"@type\":\"ListItem\",\"position\":1,\"name\":\"Home\",\"item\":\"https:\\\/\\\/www.zhermack.com\\\/es\\\/\"},{\"@type\":\"ListItem\",\"position\":2,\"name\":\"Charity: regalar esperanza\"}]},{\"@type\":\"WebSite\",\"@id\":\"https:\\\/\\\/www.zhermack.com\\\/es\\\/#website\",\"url\":\"https:\\\/\\\/www.zhermack.com\\\/es\\\/\",\"name\":\"Zhermack\",\"description\":\"\",\"publisher\":{\"@id\":\"https:\\\/\\\/www.zhermack.com\\\/es\\\/#organization\"},\"potentialAction\":[{\"@type\":\"SearchAction\",\"target\":{\"@type\":\"EntryPoint\",\"urlTemplate\":\"https:\\\/\\\/www.zhermack.com\\\/es\\\/?s={search_term_string}\"},\"query-input\":{\"@type\":\"PropertyValueSpecification\",\"valueRequired\":true,\"valueName\":\"search_term_string\"}}],\"inLanguage\":\"es\"},{\"@type\":\"Organization\",\"@id\":\"https:\\\/\\\/www.zhermack.com\\\/es\\\/#organization\",\"name\":\"zhermack\",\"url\":\"https:\\\/\\\/www.zhermack.com\\\/es\\\/\",\"logo\":{\"@type\":\"ImageObject\",\"inLanguage\":\"es\",\"@id\":\"https:\\\/\\\/www.zhermack.com\\\/es\\\/#\\\/schema\\\/logo\\\/image\\\/\",\"url\":\"\\\/public\\\/uploads\\\/logo-1.png\",\"contentUrl\":\"\\\/public\\\/uploads\\\/logo-1.png\",\"width\":284,\"height\":37,\"caption\":\"zhermack\"},\"image\":{\"@id\":\"https:\\\/\\\/www.zhermack.com\\\/es\\\/#\\\/schema\\\/logo\\\/image\\\/\"}},{\"@type\":\"Person\",\"@id\":\"https:\\\/\\\/www.zhermack.com\\\/es\\\/#\\\/schema\\\/person\\\/d9d8995a2d0054d1219975931c5427d2\",\"name\":\"amministrazione\",\"image\":{\"@type\":\"ImageObject\",\"inLanguage\":\"es\",\"@id\":\"https:\\\/\\\/secure.gravatar.com\\\/avatar\\\/1e78a5a5db54d6ceaf3680bcd8f2deae4974afa97bc623f7a100b03cc1497889?s=96&d=mm&r=g\",\"url\":\"https:\\\/\\\/secure.gravatar.com\\\/avatar\\\/1e78a5a5db54d6ceaf3680bcd8f2deae4974afa97bc623f7a100b03cc1497889?s=96&d=mm&r=g\",\"contentUrl\":\"https:\\\/\\\/secure.gravatar.com\\\/avatar\\\/1e78a5a5db54d6ceaf3680bcd8f2deae4974afa97bc623f7a100b03cc1497889?s=96&d=mm&r=g\",\"caption\":\"amministrazione\"}}]}<\/script>\n<!-- \/ Yoast SEO plugin. -->","yoast_head_json":{"title":"Charity: regalar esperanza - Zhermack","robots":{"index":"index","follow":"follow","max-snippet":"max-snippet:-1","max-image-preview":"max-image-preview:large","max-video-preview":"max-video-preview:-1"},"canonical":"https:\/\/www.zhermack.com\/es\/company_es\/charity-regalar-esperanza\/","og_locale":"es_ES","og_type":"article","og_title":"Charity: regalar esperanza - Zhermack","og_description":"Mejorar el bienestar de las personas por medio de la calidad, la ciencia y la educaci\u00f3n, ahora y para las futuras generaciones. Este es el objetivo principal de nuestra empresa, que se recoge en nuestra misi\u00f3n. Un compromiso que Zhermack adopta de manera integral y al que permanece fiel a\u00f1o tras a\u00f1o. Por este motivo, [&hellip;]","og_url":"https:\/\/www.zhermack.com\/es\/company_es\/charity-regalar-esperanza\/","og_site_name":"Zhermack","article_published_time":"2018-03-15T15:31:45+00:00","article_modified_time":"2023-05-24T13:06:05+00:00","og_image":[{"width":1024,"height":686,"url":"https:\/\/www.zhermack.com\/public\/uploads\/la-foto-ricordo-della-Conferenza-Charity-di-fine-anno-1024x686.jpg","type":"image\/jpeg"}],"author":"amministrazione","twitter_card":"summary_large_image","twitter_misc":{"Escrito por":"amministrazione","Tiempo de lectura":"2 minutos"},"schema":{"@context":"https:\/\/schema.org","@graph":[{"@type":"Article","@id":"https:\/\/www.zhermack.com\/es\/company_es\/charity-regalar-esperanza\/#article","isPartOf":{"@id":"https:\/\/www.zhermack.com\/es\/company_es\/charity-regalar-esperanza\/"},"author":{"name":"amministrazione","@id":"https:\/\/www.zhermack.com\/es\/#\/schema\/person\/d9d8995a2d0054d1219975931c5427d2"},"headline":"Charity: regalar esperanza","datePublished":"2018-03-15T15:31:45+00:00","dateModified":"2023-05-24T13:06:05+00:00","mainEntityOfPage":{"@id":"https:\/\/www.zhermack.com\/es\/company_es\/charity-regalar-esperanza\/"},"wordCount":289,"commentCount":0,"publisher":{"@id":"https:\/\/www.zhermack.com\/es\/#organization"},"image":{"@id":"https:\/\/www.zhermack.com\/es\/company_es\/charity-regalar-esperanza\/#primaryimage"},"thumbnailUrl":"\/public\/uploads\/la-foto-ricordo-della-Conferenza-Charity-di-fine-anno.jpg","articleSection":["Noticias empresa","Noticias eventos"],"inLanguage":"es","potentialAction":[{"@type":"CommentAction","name":"Comment","target":["https:\/\/www.zhermack.com\/es\/company_es\/charity-regalar-esperanza\/#respond"]}]},{"@type":"WebPage","@id":"https:\/\/www.zhermack.com\/es\/company_es\/charity-regalar-esperanza\/","url":"https:\/\/www.zhermack.com\/es\/company_es\/charity-regalar-esperanza\/","name":"Charity: regalar esperanza - Zhermack","isPartOf":{"@id":"https:\/\/www.zhermack.com\/es\/#website"},"primaryImageOfPage":{"@id":"https:\/\/www.zhermack.com\/es\/company_es\/charity-regalar-esperanza\/#primaryimage"},"image":{"@id":"https:\/\/www.zhermack.com\/es\/company_es\/charity-regalar-esperanza\/#primaryimage"},"thumbnailUrl":"\/public\/uploads\/la-foto-ricordo-della-Conferenza-Charity-di-fine-anno.jpg","datePublished":"2018-03-15T15:31:45+00:00","dateModified":"2023-05-24T13:06:05+00:00","breadcrumb":{"@id":"https:\/\/www.zhermack.com\/es\/company_es\/charity-regalar-esperanza\/#breadcrumb"},"inLanguage":"es","potentialAction":[{"@type":"ReadAction","target":["https:\/\/www.zhermack.com\/es\/company_es\/charity-regalar-esperanza\/"]}]},{"@type":"ImageObject","inLanguage":"es","@id":"https:\/\/www.zhermack.com\/es\/company_es\/charity-regalar-esperanza\/#primaryimage","url":"\/public\/uploads\/la-foto-ricordo-della-Conferenza-Charity-di-fine-anno.jpg","contentUrl":"\/public\/uploads\/la-foto-ricordo-della-Conferenza-Charity-di-fine-anno.jpg","width":3734,"height":2500},{"@type":"BreadcrumbList","@id":"https:\/\/www.zhermack.com\/es\/company_es\/charity-regalar-esperanza\/#breadcrumb","itemListElement":[{"@type":"ListItem","position":1,"name":"Home","item":"https:\/\/www.zhermack.com\/es\/"},{"@type":"ListItem","position":2,"name":"Charity: regalar esperanza"}]},{"@type":"WebSite","@id":"https:\/\/www.zhermack.com\/es\/#website","url":"https:\/\/www.zhermack.com\/es\/","name":"Zhermack","description":"","publisher":{"@id":"https:\/\/www.zhermack.com\/es\/#organization"},"potentialAction":[{"@type":"SearchAction","target":{"@type":"EntryPoint","urlTemplate":"https:\/\/www.zhermack.com\/es\/?s={search_term_string}"},"query-input":{"@type":"PropertyValueSpecification","valueRequired":true,"valueName":"search_term_string"}}],"inLanguage":"es"},{"@type":"Organization","@id":"https:\/\/www.zhermack.com\/es\/#organization","name":"zhermack","url":"https:\/\/www.zhermack.com\/es\/","logo":{"@type":"ImageObject","inLanguage":"es","@id":"https:\/\/www.zhermack.com\/es\/#\/schema\/logo\/image\/","url":"\/public\/uploads\/logo-1.png","contentUrl":"\/public\/uploads\/logo-1.png","width":284,"height":37,"caption":"zhermack"},"image":{"@id":"https:\/\/www.zhermack.com\/es\/#\/schema\/logo\/image\/"}},{"@type":"Person","@id":"https:\/\/www.zhermack.com\/es\/#\/schema\/person\/d9d8995a2d0054d1219975931c5427d2","name":"amministrazione","image":{"@type":"ImageObject","inLanguage":"es","@id":"https:\/\/secure.gravatar.com\/avatar\/1e78a5a5db54d6ceaf3680bcd8f2deae4974afa97bc623f7a100b03cc1497889?s=96&d=mm&r=g","url":"https:\/\/secure.gravatar.com\/avatar\/1e78a5a5db54d6ceaf3680bcd8f2deae4974afa97bc623f7a100b03cc1497889?s=96&d=mm&r=g","contentUrl":"https:\/\/secure.gravatar.com\/avatar\/1e78a5a5db54d6ceaf3680bcd8f2deae4974afa97bc623f7a100b03cc1497889?s=96&d=mm&r=g","caption":"amministrazione"}}]}},"_links":{"self":[{"href":"https:\/\/www.zhermack.com\/es\/wp-json\/wp\/v2\/posts\/17142","targetHints":{"allow":["GET"]}}],"collection":[{"href":"https:\/\/www.zhermack.com\/es\/wp-json\/wp\/v2\/posts"}],"about":[{"href":"https:\/\/www.zhermack.com\/es\/wp-json\/wp\/v2\/types\/post"}],"author":[{"embeddable":true,"href":"https:\/\/www.zhermack.com\/es\/wp-json\/wp\/v2\/users\/2"}],"replies":[{"embeddable":true,"href":"https:\/\/www.zhermack.com\/es\/wp-json\/wp\/v2\/comments?post=17142"}],"version-history":[{"count":0,"href":"https:\/\/www.zhermack.com\/es\/wp-json\/wp\/v2\/posts\/17142\/revisions"}],"wp:featuredmedia":[{"embeddable":true,"href":"https:\/\/www.zhermack.com\/es\/wp-json\/wp\/v2\/media\/8684"}],"wp:attachment":[{"href":"https:\/\/www.zhermack.com\/es\/wp-json\/wp\/v2\/media?parent=17142"}],"wp:term":[{"taxonomy":"category","embeddable":true,"href":"https:\/\/www.zhermack.com\/es\/wp-json\/wp\/v2\/categories?post=17142"},{"taxonomy":"post_tag","embeddable":true,"href":"https:\/\/www.zhermack.com\/es\/wp-json\/wp\/v2\/tags?post=17142"}],"curies":[{"name":"wp","href":"https:\/\/api.w.org\/{rel}","templated":true}]}}