{"id":17678,"date":"2018-03-15T16:31:45","date_gmt":"2018-03-15T15:31:45","guid":{"rendered":"https:\/\/www.zhermack.com\/unkategorisiert\/charity-donare-la-speranza\/"},"modified":"2018-06-22T09:23:41","modified_gmt":"2018-06-22T07:23:41","slug":"charity-hoffnung-schenken","status":"publish","type":"post","link":"https:\/\/www.zhermack.com\/de\/news-unternehmen\/charity-hoffnung-schenken\/","title":{"rendered":"Charity: Hoffnung schenken"},"content":{"rendered":"<p><strong>Das Wohlbefinden der Menschen durch Qualit\u00e4t, Wissenschaft und Bildung, jetzt und f\u00fcr zuk\u00fcnftige Generationen verbessern<\/strong>. Dies ist das Hauptziel unserer Unternehmen, so wie es bereits in unserer Mission verdeutlicht wurde. Eine Verpflichtung, die Zhermack voll und ganz unterschreibt und von Jahr zu Jahr aufs Neue best\u00e4tigt. Die ist auch der Grund, warum Zhermack sich f\u00fcr das Territorium, das die Firma beherbergt, verantwortlich f\u00fchlt. Unter den durchgef\u00fchrten Solidarit\u00e4tsprojekten ist besonders die Entscheidung erw\u00e4hnenswert, den Gegenwert der Weihnachtsgeschenke f\u00fcr wohlt\u00e4tige Zwecke zu spenden, um konkrete Ma\u00dfnahmen zur Unterst\u00fctzung von Familien in wirtschaftlichen Schwierigkeiten und von behinderten Kindern zu f\u00f6rdern. Auch die zweite Ausgabe von\u00a0<i>Run with Zhermack<\/i>\u00a0im letzten Oktober erm\u00f6glichte es uns, zu wichtigen lokalen Projekten beizutragen, in denen der Schwerpunkt auf den Bildungsbed\u00fcrfnissen von Kindern mit mittelschweren Behinderungen und auf Initiativen zur sozialen Integration und W\u00fcrdigung des Andersseins lag.<br \/>\n<strong>Jedes Unternehmen hat eine Verantwortung gegen\u00fcber der Gesellschaft<\/strong>, nicht nur auf wirtschaftlicher, sondern auch auf \u00f6ffentlicher und gesellschaftlicher Ebene. Aus diesem Grund ist es f\u00fcr uns ein fruchtbares und weitsichtiges Ziel, in das Wohlergehen der Gemeinschaft und in die Ausbildung der neuen Generationen zu investieren, in die wir die Fr\u00fcchte unserer Arbeit vertrauensvoll einbringen k\u00f6nnen.<\/p>\n<p>Es geht um ein konkretes Engagement und eine konkrete Unterst\u00fctzung des Territoriums, das uns schon so lange beherbergt: dies ist die Mission von Zhermack im Sinne einer Politik, die auf ethischen, sozialen und \u00f6kologischen Werten basiert, die wir konkretisieren wollen.<\/p>\n<!-- Masterslider -->\t\t\r\n\t\t\t<div class=\"master-slider ms-skin-light-3 mb-3\" id=\"masterslider-post-carousel\">\r\n\t\t\t\t\t<!-- new slide -->\r\n\t\t\t\t\t<div class=\"ms-slide\">\r\n\r\n\t\t\t\t\t\t<!-- slide background -->\r\n\t\t\t\t\t\t<img decoding=\"async\" src=\"\/public\/themes\/zhermack\/assets\/img\/masterslider\/blank.gif\" data-src=\"\/public\/uploads\/La-consegna-dellassegno-allIst.-Comprensivo-di-Badia-Pol-e1521127700985.jpg\" alt=\"\" id=\"image-1\">\r\n\r\n\t\t\t\t\t\t<!-- linked slide -->\r\n\t\t\t\t\t\t<a href=\"#\" data-toggle=\"modal\" data-target=\"#modal-slider\" title=\"Image 1\"><\/a>\r\n\r\n\t\t\t\t\t\t<!-- slide text layer -->\r\n\t\t\t\t        <div class=\"ms-layer ms-caption\" data-offset-x=\"0\" data-offset-y=\"0\" data-origin=\"bl\" data-type=\"text\" data-effect=\"bottom(30)\" data-duration=\"800\" data-ease=\"easeOutQuart\">\r\n\t\t\t\t            Unser General Manager, Ing. Paolo Ambrosini und die Delegation der Gesamtschule von Badia Polesine\r\n\t\t\t\t        <\/div>\r\n\r\n\t\t\t\t\t\t<!-- thumbnail -->\r\n\t\t\t\t\t\t<div class=\"ms-thumb\"><img decoding=\"async\" data-src=\"\/public\/uploads\/La-consegna-dellassegno-allIst.-Comprensivo-di-Badia-Pol-e1521127700985.jpg\" alt=\"\"  src=\"data:image\/svg+xml;base64,PHN2ZyB3aWR0aD0iMSIgaGVpZ2h0PSIxIiB4bWxucz0iaHR0cDovL3d3dy53My5vcmcvMjAwMC9zdmciPjwvc3ZnPg==\" class=\"lazyload\"><\/div>\r\n\r\n\t\t\t\t\t<\/div>\r\n\t\t\t\t\t<!-- end of slide -->\r\n\t\t\t\t\t<!-- new slide -->\r\n\t\t\t\t\t<div class=\"ms-slide\">\r\n\r\n\t\t\t\t\t\t<!-- slide background -->\r\n\t\t\t\t\t\t<img decoding=\"async\" src=\"\/public\/themes\/zhermack\/assets\/img\/masterslider\/blank.gif\" data-src=\"\/public\/uploads\/DSC_0426-e1521127774880.jpg\" alt=\"\" id=\"image-2\">\r\n\r\n\t\t\t\t\t\t<!-- linked slide -->\r\n\t\t\t\t\t\t<a href=\"#\" data-toggle=\"modal\" data-target=\"#modal-slider\" title=\"Image 2\"><\/a>\r\n\r\n\t\t\t\t\t\t<!-- slide text layer -->\r\n\t\t\t\t        <div class=\"ms-layer ms-caption\" data-offset-x=\"0\" data-offset-y=\"0\" data-origin=\"bl\" data-type=\"text\" data-effect=\"bottom(30)\" data-duration=\"800\" data-ease=\"easeOutQuart\">\r\n\t\t\t\t            Ein weiterer wichtiger Moment mit dem B\u00fcrgermeister unserer Stadt rechts und dem Ing. Ambrosini links\r\n\t\t\t\t        <\/div>\r\n\r\n\t\t\t\t\t\t<!-- thumbnail -->\r\n\t\t\t\t\t\t<div class=\"ms-thumb\"><img decoding=\"async\" data-src=\"\/public\/uploads\/DSC_0426-e1521127774880.jpg\" alt=\"\"  src=\"data:image\/svg+xml;base64,PHN2ZyB3aWR0aD0iMSIgaGVpZ2h0PSIxIiB4bWxucz0iaHR0cDovL3d3dy53My5vcmcvMjAwMC9zdmciPjwvc3ZnPg==\" class=\"lazyload\"><\/div>\r\n\r\n\t\t\t\t\t<\/div>\r\n\t\t\t\t\t<!-- end of slide --><\/div>\r\n\t\t\t\t<!-- END Masterslider -->\r\n\t\t\t<!-- Modal Slider Post Slider -->\r\n\t\t\t<div id=\"modal-slider\" class=\"modal fade modal-fullscreen\" tabindex=\"-1\" role=\"dialog\">\r\n\t\t\t    <div class=\"modal-dialog\" role=\"document\">\r\n\t\t\t        <div class=\"modal-content\">\r\n\t\t\t        \t<div class=\"modal-header\">\r\n\t\t\t        \t\t<button type=\"button\" class=\"close\" data-dismiss=\"modal\" aria-label=\"Close\"><span aria-hidden=\"true\">&times;<\/span><\/button>\r\n\t\t\t        \t<\/div>\r\n\t\t\t        \t<div class=\"modal-body text-center\">\r\n\t\t\t        \t\t<div id=\"modal-carousel\" class=\"carousel slide\" data-interval=\"false\">\r\n\t\t\t        \t\t\t<div class=\"carousel-inner\"><div class=\"item active\"><img decoding=\"async\" data-src=\"\/public\/uploads\/La-consegna-dellassegno-allIst.-Comprensivo-di-Badia-Pol-e1521127700985.jpg\" alt=\"\" class=\"img-responsive center-block lazyload\" src=\"data:image\/svg+xml;base64,PHN2ZyB3aWR0aD0iMSIgaGVpZ2h0PSIxIiB4bWxucz0iaHR0cDovL3d3dy53My5vcmcvMjAwMC9zdmciPjwvc3ZnPg==\">\r\n\t\t\t        \t\t\t\t<\/div><div class=\"item\"><img decoding=\"async\" data-src=\"\/public\/uploads\/DSC_0426-e1521127774880.jpg\" alt=\"\" class=\"img-responsive center-block lazyload\" src=\"data:image\/svg+xml;base64,PHN2ZyB3aWR0aD0iMSIgaGVpZ2h0PSIxIiB4bWxucz0iaHR0cDovL3d3dy53My5vcmcvMjAwMC9zdmciPjwvc3ZnPg==\">\r\n\t\t\t        \t\t\t\t<\/div><\/div>\r\n\t\t\t        \t\t\t<a class=\"carousel-control left\" href=\"#modal-carousel\" data-slide=\"prev\"><i class=\"glyphicon glyphicon-chevron-left\"><\/i><\/a>\r\n\t\t\t        \t\t\t<a class=\"carousel-control right\" href=\"#modal-carousel\" data-slide=\"next\"><i class=\"glyphicon glyphicon-chevron-right\"><\/i><\/a>\r\n\t\t\t        \t\t<\/div>\r\n\t\t\t        \t<\/div>\r\n\t\t\t        <\/div>\r\n\t\t\t    <\/div>\r\n\t\t\t<\/div>\r\n\t\t\t<!-- END Modal Slider Post Slider -->\n","protected":false},"excerpt":{"rendered":"<p>Das Wohlbefinden der Menschen durch Qualit\u00e4t, Wissenschaft und Bildung, jetzt und f\u00fcr zuk\u00fcnftige Generationen verbessern. Dies ist das Hauptziel unserer Unternehmen, so wie es bereits in unserer Mission verdeutlicht wurde. Eine Verpflichtung, die Zhermack voll und ganz unterschreibt und von Jahr zu Jahr aufs Neue best\u00e4tigt. Die ist auch der Grund, warum Zhermack sich f\u00fcr [&hellip;]<\/p>\n","protected":false},"author":2,"featured_media":8682,"comment_status":"open","ping_status":"open","sticky":false,"template":"","format":"standard","meta":{"_acf_changed":false,"rs_blank_template":"","rs_page_bg_color":"","slide_template_v7":"","footnotes":""},"categories":[707,431],"tags":[],"class_list":["post-17678","post","type-post","status-publish","format-standard","has-post-thumbnail","hentry","category-news-events-de","category-news-unternehmen"],"acf":[],"yoast_head":"<!-- This site is optimized with the Yoast SEO plugin v27.3 - https:\/\/yoast.com\/product\/yoast-seo-wordpress\/ -->\n<title>Charity: Hoffnung schenken - Zhermack<\/title>\n<meta name=\"robots\" content=\"index, follow, max-snippet:-1, max-image-preview:large, max-video-preview:-1\" \/>\n<link rel=\"canonical\" href=\"https:\/\/www.zhermack.com\/de\/news-unternehmen\/charity-hoffnung-schenken\/\" \/>\n<meta property=\"og:locale\" content=\"de_DE\" \/>\n<meta property=\"og:type\" content=\"article\" \/>\n<meta property=\"og:title\" content=\"Charity: Hoffnung schenken - Zhermack\" \/>\n<meta property=\"og:description\" content=\"Das Wohlbefinden der Menschen durch Qualit\u00e4t, Wissenschaft und Bildung, jetzt und f\u00fcr zuk\u00fcnftige Generationen verbessern. Dies ist das Hauptziel unserer Unternehmen, so wie es bereits in unserer Mission verdeutlicht wurde. Eine Verpflichtung, die Zhermack voll und ganz unterschreibt und von Jahr zu Jahr aufs Neue best\u00e4tigt. Die ist auch der Grund, warum Zhermack sich f\u00fcr [&hellip;]\" \/>\n<meta property=\"og:url\" content=\"https:\/\/www.zhermack.com\/de\/news-unternehmen\/charity-hoffnung-schenken\/\" \/>\n<meta property=\"og:site_name\" content=\"Zhermack\" \/>\n<meta property=\"article:published_time\" content=\"2018-03-15T15:31:45+00:00\" \/>\n<meta property=\"article:modified_time\" content=\"2018-06-22T07:23:41+00:00\" \/>\n<meta property=\"og:image\" content=\"https:\/\/www.zhermack.com\/public\/uploads\/la-foto-ricordo-della-Conferenza-Charity-di-fine-anno-1024x686.jpg\" \/>\n\t<meta property=\"og:image:width\" content=\"1024\" \/>\n\t<meta property=\"og:image:height\" content=\"686\" \/>\n\t<meta property=\"og:image:type\" content=\"image\/jpeg\" \/>\n<meta name=\"author\" content=\"amministrazione\" \/>\n<meta name=\"twitter:card\" content=\"summary_large_image\" \/>\n<meta name=\"twitter:label1\" content=\"Verfasst von\" \/>\n\t<meta name=\"twitter:data1\" content=\"amministrazione\" \/>\n\t<meta name=\"twitter:label2\" content=\"Gesch\u00e4tzte Lesezeit\" \/>\n\t<meta name=\"twitter:data2\" content=\"1\u00a0Minute\" \/>\n<script type=\"application\/ld+json\" class=\"yoast-schema-graph\">{\"@context\":\"https:\\\/\\\/schema.org\",\"@graph\":[{\"@type\":\"Article\",\"@id\":\"https:\\\/\\\/www.zhermack.com\\\/de\\\/news-unternehmen\\\/charity-hoffnung-schenken\\\/#article\",\"isPartOf\":{\"@id\":\"https:\\\/\\\/www.zhermack.com\\\/de\\\/news-unternehmen\\\/charity-hoffnung-schenken\\\/\"},\"author\":{\"name\":\"amministrazione\",\"@id\":\"https:\\\/\\\/www.zhermack.com\\\/de\\\/#\\\/schema\\\/person\\\/d9d8995a2d0054d1219975931c5427d2\"},\"headline\":\"Charity: Hoffnung schenken\",\"datePublished\":\"2018-03-15T15:31:45+00:00\",\"dateModified\":\"2018-06-22T07:23:41+00:00\",\"mainEntityOfPage\":{\"@id\":\"https:\\\/\\\/www.zhermack.com\\\/de\\\/news-unternehmen\\\/charity-hoffnung-schenken\\\/\"},\"wordCount\":261,\"commentCount\":0,\"publisher\":{\"@id\":\"https:\\\/\\\/www.zhermack.com\\\/de\\\/#organization\"},\"image\":{\"@id\":\"https:\\\/\\\/www.zhermack.com\\\/de\\\/news-unternehmen\\\/charity-hoffnung-schenken\\\/#primaryimage\"},\"thumbnailUrl\":\"\\\/public\\\/uploads\\\/la-foto-ricordo-della-Conferenza-Charity-di-fine-anno.jpg\",\"articleSection\":[\"News Events\",\"News Unternehmen\"],\"inLanguage\":\"de\",\"potentialAction\":[{\"@type\":\"CommentAction\",\"name\":\"Comment\",\"target\":[\"https:\\\/\\\/www.zhermack.com\\\/de\\\/news-unternehmen\\\/charity-hoffnung-schenken\\\/#respond\"]}]},{\"@type\":\"WebPage\",\"@id\":\"https:\\\/\\\/www.zhermack.com\\\/de\\\/news-unternehmen\\\/charity-hoffnung-schenken\\\/\",\"url\":\"https:\\\/\\\/www.zhermack.com\\\/de\\\/news-unternehmen\\\/charity-hoffnung-schenken\\\/\",\"name\":\"Charity: Hoffnung schenken - Zhermack\",\"isPartOf\":{\"@id\":\"https:\\\/\\\/www.zhermack.com\\\/de\\\/#website\"},\"primaryImageOfPage\":{\"@id\":\"https:\\\/\\\/www.zhermack.com\\\/de\\\/news-unternehmen\\\/charity-hoffnung-schenken\\\/#primaryimage\"},\"image\":{\"@id\":\"https:\\\/\\\/www.zhermack.com\\\/de\\\/news-unternehmen\\\/charity-hoffnung-schenken\\\/#primaryimage\"},\"thumbnailUrl\":\"\\\/public\\\/uploads\\\/la-foto-ricordo-della-Conferenza-Charity-di-fine-anno.jpg\",\"datePublished\":\"2018-03-15T15:31:45+00:00\",\"dateModified\":\"2018-06-22T07:23:41+00:00\",\"breadcrumb\":{\"@id\":\"https:\\\/\\\/www.zhermack.com\\\/de\\\/news-unternehmen\\\/charity-hoffnung-schenken\\\/#breadcrumb\"},\"inLanguage\":\"de\",\"potentialAction\":[{\"@type\":\"ReadAction\",\"target\":[\"https:\\\/\\\/www.zhermack.com\\\/de\\\/news-unternehmen\\\/charity-hoffnung-schenken\\\/\"]}]},{\"@type\":\"ImageObject\",\"inLanguage\":\"de\",\"@id\":\"https:\\\/\\\/www.zhermack.com\\\/de\\\/news-unternehmen\\\/charity-hoffnung-schenken\\\/#primaryimage\",\"url\":\"\\\/public\\\/uploads\\\/la-foto-ricordo-della-Conferenza-Charity-di-fine-anno.jpg\",\"contentUrl\":\"\\\/public\\\/uploads\\\/la-foto-ricordo-della-Conferenza-Charity-di-fine-anno.jpg\",\"width\":3734,\"height\":2500},{\"@type\":\"BreadcrumbList\",\"@id\":\"https:\\\/\\\/www.zhermack.com\\\/de\\\/news-unternehmen\\\/charity-hoffnung-schenken\\\/#breadcrumb\",\"itemListElement\":[{\"@type\":\"ListItem\",\"position\":1,\"name\":\"Home\",\"item\":\"https:\\\/\\\/www.zhermack.com\\\/de\\\/\"},{\"@type\":\"ListItem\",\"position\":2,\"name\":\"Charity: Hoffnung schenken\"}]},{\"@type\":\"WebSite\",\"@id\":\"https:\\\/\\\/www.zhermack.com\\\/de\\\/#website\",\"url\":\"https:\\\/\\\/www.zhermack.com\\\/de\\\/\",\"name\":\"Zhermack\",\"description\":\"\",\"publisher\":{\"@id\":\"https:\\\/\\\/www.zhermack.com\\\/de\\\/#organization\"},\"potentialAction\":[{\"@type\":\"SearchAction\",\"target\":{\"@type\":\"EntryPoint\",\"urlTemplate\":\"https:\\\/\\\/www.zhermack.com\\\/de\\\/?s={search_term_string}\"},\"query-input\":{\"@type\":\"PropertyValueSpecification\",\"valueRequired\":true,\"valueName\":\"search_term_string\"}}],\"inLanguage\":\"de\"},{\"@type\":\"Organization\",\"@id\":\"https:\\\/\\\/www.zhermack.com\\\/de\\\/#organization\",\"name\":\"zhermack\",\"url\":\"https:\\\/\\\/www.zhermack.com\\\/de\\\/\",\"logo\":{\"@type\":\"ImageObject\",\"inLanguage\":\"de\",\"@id\":\"https:\\\/\\\/www.zhermack.com\\\/de\\\/#\\\/schema\\\/logo\\\/image\\\/\",\"url\":\"\\\/public\\\/uploads\\\/logo-1.png\",\"contentUrl\":\"\\\/public\\\/uploads\\\/logo-1.png\",\"width\":284,\"height\":37,\"caption\":\"zhermack\"},\"image\":{\"@id\":\"https:\\\/\\\/www.zhermack.com\\\/de\\\/#\\\/schema\\\/logo\\\/image\\\/\"}},{\"@type\":\"Person\",\"@id\":\"https:\\\/\\\/www.zhermack.com\\\/de\\\/#\\\/schema\\\/person\\\/d9d8995a2d0054d1219975931c5427d2\",\"name\":\"amministrazione\",\"image\":{\"@type\":\"ImageObject\",\"inLanguage\":\"de\",\"@id\":\"https:\\\/\\\/secure.gravatar.com\\\/avatar\\\/1e78a5a5db54d6ceaf3680bcd8f2deae4974afa97bc623f7a100b03cc1497889?s=96&d=mm&r=g\",\"url\":\"https:\\\/\\\/secure.gravatar.com\\\/avatar\\\/1e78a5a5db54d6ceaf3680bcd8f2deae4974afa97bc623f7a100b03cc1497889?s=96&d=mm&r=g\",\"contentUrl\":\"https:\\\/\\\/secure.gravatar.com\\\/avatar\\\/1e78a5a5db54d6ceaf3680bcd8f2deae4974afa97bc623f7a100b03cc1497889?s=96&d=mm&r=g\",\"caption\":\"amministrazione\"}}]}<\/script>\n<!-- \/ Yoast SEO plugin. -->","yoast_head_json":{"title":"Charity: Hoffnung schenken - Zhermack","robots":{"index":"index","follow":"follow","max-snippet":"max-snippet:-1","max-image-preview":"max-image-preview:large","max-video-preview":"max-video-preview:-1"},"canonical":"https:\/\/www.zhermack.com\/de\/news-unternehmen\/charity-hoffnung-schenken\/","og_locale":"de_DE","og_type":"article","og_title":"Charity: Hoffnung schenken - Zhermack","og_description":"Das Wohlbefinden der Menschen durch Qualit\u00e4t, Wissenschaft und Bildung, jetzt und f\u00fcr zuk\u00fcnftige Generationen verbessern. Dies ist das Hauptziel unserer Unternehmen, so wie es bereits in unserer Mission verdeutlicht wurde. Eine Verpflichtung, die Zhermack voll und ganz unterschreibt und von Jahr zu Jahr aufs Neue best\u00e4tigt. Die ist auch der Grund, warum Zhermack sich f\u00fcr [&hellip;]","og_url":"https:\/\/www.zhermack.com\/de\/news-unternehmen\/charity-hoffnung-schenken\/","og_site_name":"Zhermack","article_published_time":"2018-03-15T15:31:45+00:00","article_modified_time":"2018-06-22T07:23:41+00:00","og_image":[{"width":1024,"height":686,"url":"https:\/\/www.zhermack.com\/public\/uploads\/la-foto-ricordo-della-Conferenza-Charity-di-fine-anno-1024x686.jpg","type":"image\/jpeg"}],"author":"amministrazione","twitter_card":"summary_large_image","twitter_misc":{"Verfasst von":"amministrazione","Gesch\u00e4tzte Lesezeit":"1\u00a0Minute"},"schema":{"@context":"https:\/\/schema.org","@graph":[{"@type":"Article","@id":"https:\/\/www.zhermack.com\/de\/news-unternehmen\/charity-hoffnung-schenken\/#article","isPartOf":{"@id":"https:\/\/www.zhermack.com\/de\/news-unternehmen\/charity-hoffnung-schenken\/"},"author":{"name":"amministrazione","@id":"https:\/\/www.zhermack.com\/de\/#\/schema\/person\/d9d8995a2d0054d1219975931c5427d2"},"headline":"Charity: Hoffnung schenken","datePublished":"2018-03-15T15:31:45+00:00","dateModified":"2018-06-22T07:23:41+00:00","mainEntityOfPage":{"@id":"https:\/\/www.zhermack.com\/de\/news-unternehmen\/charity-hoffnung-schenken\/"},"wordCount":261,"commentCount":0,"publisher":{"@id":"https:\/\/www.zhermack.com\/de\/#organization"},"image":{"@id":"https:\/\/www.zhermack.com\/de\/news-unternehmen\/charity-hoffnung-schenken\/#primaryimage"},"thumbnailUrl":"\/public\/uploads\/la-foto-ricordo-della-Conferenza-Charity-di-fine-anno.jpg","articleSection":["News Events","News Unternehmen"],"inLanguage":"de","potentialAction":[{"@type":"CommentAction","name":"Comment","target":["https:\/\/www.zhermack.com\/de\/news-unternehmen\/charity-hoffnung-schenken\/#respond"]}]},{"@type":"WebPage","@id":"https:\/\/www.zhermack.com\/de\/news-unternehmen\/charity-hoffnung-schenken\/","url":"https:\/\/www.zhermack.com\/de\/news-unternehmen\/charity-hoffnung-schenken\/","name":"Charity: Hoffnung schenken - Zhermack","isPartOf":{"@id":"https:\/\/www.zhermack.com\/de\/#website"},"primaryImageOfPage":{"@id":"https:\/\/www.zhermack.com\/de\/news-unternehmen\/charity-hoffnung-schenken\/#primaryimage"},"image":{"@id":"https:\/\/www.zhermack.com\/de\/news-unternehmen\/charity-hoffnung-schenken\/#primaryimage"},"thumbnailUrl":"\/public\/uploads\/la-foto-ricordo-della-Conferenza-Charity-di-fine-anno.jpg","datePublished":"2018-03-15T15:31:45+00:00","dateModified":"2018-06-22T07:23:41+00:00","breadcrumb":{"@id":"https:\/\/www.zhermack.com\/de\/news-unternehmen\/charity-hoffnung-schenken\/#breadcrumb"},"inLanguage":"de","potentialAction":[{"@type":"ReadAction","target":["https:\/\/www.zhermack.com\/de\/news-unternehmen\/charity-hoffnung-schenken\/"]}]},{"@type":"ImageObject","inLanguage":"de","@id":"https:\/\/www.zhermack.com\/de\/news-unternehmen\/charity-hoffnung-schenken\/#primaryimage","url":"\/public\/uploads\/la-foto-ricordo-della-Conferenza-Charity-di-fine-anno.jpg","contentUrl":"\/public\/uploads\/la-foto-ricordo-della-Conferenza-Charity-di-fine-anno.jpg","width":3734,"height":2500},{"@type":"BreadcrumbList","@id":"https:\/\/www.zhermack.com\/de\/news-unternehmen\/charity-hoffnung-schenken\/#breadcrumb","itemListElement":[{"@type":"ListItem","position":1,"name":"Home","item":"https:\/\/www.zhermack.com\/de\/"},{"@type":"ListItem","position":2,"name":"Charity: Hoffnung schenken"}]},{"@type":"WebSite","@id":"https:\/\/www.zhermack.com\/de\/#website","url":"https:\/\/www.zhermack.com\/de\/","name":"Zhermack","description":"","publisher":{"@id":"https:\/\/www.zhermack.com\/de\/#organization"},"potentialAction":[{"@type":"SearchAction","target":{"@type":"EntryPoint","urlTemplate":"https:\/\/www.zhermack.com\/de\/?s={search_term_string}"},"query-input":{"@type":"PropertyValueSpecification","valueRequired":true,"valueName":"search_term_string"}}],"inLanguage":"de"},{"@type":"Organization","@id":"https:\/\/www.zhermack.com\/de\/#organization","name":"zhermack","url":"https:\/\/www.zhermack.com\/de\/","logo":{"@type":"ImageObject","inLanguage":"de","@id":"https:\/\/www.zhermack.com\/de\/#\/schema\/logo\/image\/","url":"\/public\/uploads\/logo-1.png","contentUrl":"\/public\/uploads\/logo-1.png","width":284,"height":37,"caption":"zhermack"},"image":{"@id":"https:\/\/www.zhermack.com\/de\/#\/schema\/logo\/image\/"}},{"@type":"Person","@id":"https:\/\/www.zhermack.com\/de\/#\/schema\/person\/d9d8995a2d0054d1219975931c5427d2","name":"amministrazione","image":{"@type":"ImageObject","inLanguage":"de","@id":"https:\/\/secure.gravatar.com\/avatar\/1e78a5a5db54d6ceaf3680bcd8f2deae4974afa97bc623f7a100b03cc1497889?s=96&d=mm&r=g","url":"https:\/\/secure.gravatar.com\/avatar\/1e78a5a5db54d6ceaf3680bcd8f2deae4974afa97bc623f7a100b03cc1497889?s=96&d=mm&r=g","contentUrl":"https:\/\/secure.gravatar.com\/avatar\/1e78a5a5db54d6ceaf3680bcd8f2deae4974afa97bc623f7a100b03cc1497889?s=96&d=mm&r=g","caption":"amministrazione"}}]}},"_links":{"self":[{"href":"https:\/\/www.zhermack.com\/de\/wp-json\/wp\/v2\/posts\/17678","targetHints":{"allow":["GET"]}}],"collection":[{"href":"https:\/\/www.zhermack.com\/de\/wp-json\/wp\/v2\/posts"}],"about":[{"href":"https:\/\/www.zhermack.com\/de\/wp-json\/wp\/v2\/types\/post"}],"author":[{"embeddable":true,"href":"https:\/\/www.zhermack.com\/de\/wp-json\/wp\/v2\/users\/2"}],"replies":[{"embeddable":true,"href":"https:\/\/www.zhermack.com\/de\/wp-json\/wp\/v2\/comments?post=17678"}],"version-history":[{"count":0,"href":"https:\/\/www.zhermack.com\/de\/wp-json\/wp\/v2\/posts\/17678\/revisions"}],"wp:featuredmedia":[{"embeddable":true,"href":"https:\/\/www.zhermack.com\/de\/wp-json\/wp\/v2\/media\/8682"}],"wp:attachment":[{"href":"https:\/\/www.zhermack.com\/de\/wp-json\/wp\/v2\/media?parent=17678"}],"wp:term":[{"taxonomy":"category","embeddable":true,"href":"https:\/\/www.zhermack.com\/de\/wp-json\/wp\/v2\/categories?post=17678"},{"taxonomy":"post_tag","embeddable":true,"href":"https:\/\/www.zhermack.com\/de\/wp-json\/wp\/v2\/tags?post=17678"}],"curies":[{"name":"wp","href":"https:\/\/api.w.org\/{rel}","templated":true}]}}